{"id":12430,"date":"2025-04-10T15:43:20","date_gmt":"2025-04-10T13:43:20","guid":{"rendered":"https:\/\/pasaenmendoza.com\/?p=12430"},"modified":"2025-04-10T15:43:21","modified_gmt":"2025-04-10T13:43:21","slug":"abusos-robos-y-hurtos-quien-es-el-hombre-buscado-por-violacion","status":"publish","type":"post","link":"https:\/\/pasaenmendoza.com\/?p=12430","title":{"rendered":"Abusos, robos y hurtos: qui\u00e9n es el hombre buscado por violaci\u00f3n"},"content":{"rendered":"\n<p>Durante la ma\u00f1ana de este mi\u00e9rcoles, en la zona de\u00a0<strong>Las Heras\u00a0<\/strong>y otras \u00e1reas del Gran Mendoza, se escuchaban un helic\u00f3ptero: buscan a<strong>\u00a0V\u00edctor An\u00edbal Rodr\u00edguez\u00a0<\/strong>de 50 a\u00f1os. Lo acusan de\u00a0violar a una estudiante\u00a0de 20 a\u00f1os en\u00a0<strong>El Borboll\u00f3n.<\/strong><\/p>\n\n\n\n<p>\u00bfEste hecho se podr\u00eda haber evitado si hubiera estado preso? Es posible.&nbsp;<strong>V\u00edctor An\u00edbal Rodr\u00edguez&nbsp;<\/strong>es un peligroso delincuente con reiterados antecedentes: estaba pr\u00f3fugo por manosear y vejar con acceso carnal a sus sobrinas menores de edad. Tambi\u00e9n tiene en su haber causas por&nbsp;<strong>lesiones, privaci\u00f3n ileg\u00edtima de la libertad; robos reiterados, lesiones y amenazas<\/strong>, seg\u00fan fuentes del Ministerio de Seguridad.<\/p>\n\n\n\n<p>Rodr\u00edguez est\u00e1 pr\u00f3fugo desde el 5 de noviembre de 2024 cuando le informaron que ten\u00edan dos denuncias en su contra por el caso de sus sobrinas y cuando sali\u00f3 de trabajar no regres\u00f3 a su casa. Sin embargo, el hombre segu\u00eda circulando libremente por Las Heras ya que fue as\u00ed que embosc\u00f3 y viol\u00f3 en una casa que alquilaba en la calla San Ram\u00f3n. Incluso, luego de este hecho cuando los investigadores empezaron a merodear su \u00faltimo domicilio para ver si lo ve\u00edan, le pidieron informaci\u00f3n a una joven de 17 a\u00f1os que dijo ser sobrina del sujeto y asegur\u00f3 que a ella tambi\u00e9n la viol\u00f3.<\/p>\n\n\n\n<p>No obstante, se espera que caiga en las pr\u00f3ximas horas ya que no tiene recursos econ\u00f3micos para seguir huyendo y por estas horas es el hombre m\u00e1s buscado de la provincia.<\/p>\n\n\n\n<p><strong>Fuente: www.mendozapost.com<\/strong><\/p>\n","protected":false},"excerpt":{"rendered":"<p>Durante la ma\u00f1ana de este mi\u00e9rcoles, en la zona de\u00a0Las Heras\u00a0y otras \u00e1reas del Gran Mendoza, se escuchaban un helic\u00f3ptero: buscan a\u00a0V\u00edctor An\u00edbal Rodr\u00edguez\u00a0de 50 a\u00f1os. Lo acusan de\u00a0violar a una estudiante\u00a0de 20 a\u00f1os en\u00a0El Borboll\u00f3n. \u00bfEste hecho se podr\u00eda haber evitado si hubiera estado preso? Es posible.&nbsp;V\u00edctor An\u00edbal Rodr\u00edguez&nbsp;es un peligroso delincuente con reiterados [&hellip;]<\/p>\n","protected":false},"author":2,"featured_media":12431,"comment_status":"open","ping_status":"open","sticky":false,"template":"","format":"standard","meta":[],"categories":[48],"tags":[],"_links":{"self":[{"href":"https:\/\/pasaenmendoza.com\/index.php?rest_route=\/wp\/v2\/posts\/12430"}],"collection":[{"href":"https:\/\/pasaenmendoza.com\/index.php?rest_route=\/wp\/v2\/posts"}],"about":[{"href":"https:\/\/pasaenmendoza.com\/index.php?rest_route=\/wp\/v2\/types\/post"}],"author":[{"embeddable":true,"href":"https:\/\/pasaenmendoza.com\/index.php?rest_route=\/wp\/v2\/users\/2"}],"replies":[{"embeddable":true,"href":"https:\/\/pasaenmendoza.com\/index.php?rest_route=%2Fwp%2Fv2%2Fcomments&post=12430"}],"version-history":[{"count":1,"href":"https:\/\/pasaenmendoza.com\/index.php?rest_route=\/wp\/v2\/posts\/12430\/revisions"}],"predecessor-version":[{"id":12432,"href":"https:\/\/pasaenmendoza.com\/index.php?rest_route=\/wp\/v2\/posts\/12430\/revisions\/12432"}],"wp:featuredmedia":[{"embeddable":true,"href":"https:\/\/pasaenmendoza.com\/index.php?rest_route=\/wp\/v2\/media\/12431"}],"wp:attachment":[{"href":"https:\/\/pasaenmendoza.com\/index.php?rest_route=%2Fwp%2Fv2%2Fmedia&parent=12430"}],"wp:term":[{"taxonomy":"category","embeddable":true,"href":"https:\/\/pasaenmendoza.com\/index.php?rest_route=%2Fwp%2Fv2%2Fcategories&post=12430"},{"taxonomy":"post_tag","embeddable":true,"href":"https:\/\/pasaenmendoza.com\/index.php?rest_route=%2Fwp%2Fv2%2Ftags&post=12430"}],"curies":[{"name":"wp","href":"https:\/\/api.w.org\/{rel}","templated":true}]}}