{"id":12440,"date":"2025-04-10T21:51:32","date_gmt":"2025-04-10T19:51:32","guid":{"rendered":"https:\/\/pasaenmendoza.com\/?p=12440"},"modified":"2025-04-10T21:51:32","modified_gmt":"2025-04-10T19:51:32","slug":"rivadavia-renovo-su-red-electrica-con-una-inversion-de-mas-de-75-millones","status":"publish","type":"post","link":"https:\/\/pasaenmendoza.com\/?p=12440","title":{"rendered":"Rivadavia renov\u00f3 su red el\u00e9ctrica con una inversi\u00f3n de m\u00e1s de $75 millones"},"content":{"rendered":"\n<p>Con\u00a0<strong>financiamiento del\u00a0Fondo Especial para el Desarrollo El\u00e9ctrico del Interior (FEDEI)<\/strong>, el\u00a0<strong>Ministerio de Energ\u00eda y Ambiente<\/strong>\u00a0de Mendoza concret\u00f3 una importante obra de\u00a0<strong>renovaci\u00f3n el\u00e9ctrica<\/strong>\u00a0en el\u00a0<strong>barrio Cooperativa El\u00e9ctrica Calle Primavera y Falucho<\/strong>, ubicado en el departamento de\u00a0<strong>Rivadavia<\/strong>.<\/p>\n\n\n\n<p>La intervenci\u00f3n, que demand\u00f3 una\u00a0<strong>inversi\u00f3n superior a $75 millones<\/strong>, fue ejecutada por la\u00a0<strong>Cooperativa El\u00e9ctrica y Anexos Popular de Rivadavia Ltda.<\/strong>\u00a0y actualmente\u00a0<strong>beneficia a m\u00e1s de 200\u00a0familias<\/strong>. El objetivo fue mejorar la\u00a0<strong>calidad del servicio el\u00e9ctrico<\/strong>\u00a0y optimizar la\u00a0<strong>iluminaci\u00f3n p\u00fablica<\/strong>\u00a0en toda la zona.<\/p>\n\n\n\n<p>Entre los trabajos realizados se destacan la&nbsp;<strong>construcci\u00f3n de una subestaci\u00f3n doble poste<\/strong>&nbsp;con&nbsp;<strong>alimentaci\u00f3n subterr\u00e1nea<\/strong>, el&nbsp;<strong>tendido de una l\u00ednea subterr\u00e1nea de media tensi\u00f3n<\/strong>&nbsp;y la&nbsp;<strong>renovaci\u00f3n completa de los artefactos de iluminaci\u00f3n<\/strong>, mediante el&nbsp;<strong>recambio de luminarias de sodio y mercurio por luminarias LED de 150 W<\/strong>. Adem\u00e1s, se hicieron mejoras en los&nbsp;<strong>tendidos el\u00e9ctricos domiciliarios<\/strong>, cuya&nbsp;<strong>antig\u00fcedad afectaba la eficiencia del servicio<\/strong>.<\/p>\n\n\n\n<p>El\u00a0<strong>director de Servicios El\u00e9ctricos del Ministerio de Energ\u00eda y Ambiente<\/strong>,\u00a0<strong>Alejandro Mas<\/strong>, explic\u00f3 que esta obra se alinea con los\u00a0<strong>objetivos del FEDEI<\/strong>, un fondo destinado a\u00a0<strong>planificar, coordinar y ejecutar el servicio p\u00fablico de distribuci\u00f3n el\u00e9ctrica<\/strong>, as\u00ed como a\u00a0<strong>formular pol\u00edticas electroenerg\u00e9ticas provinciales<\/strong>.<\/p>\n\n\n\n<p><strong>Fuente: www.diariomendoza.com.ar<\/strong><\/p>\n","protected":false},"excerpt":{"rendered":"<p>Con\u00a0financiamiento del\u00a0Fondo Especial para el Desarrollo El\u00e9ctrico del Interior (FEDEI), el\u00a0Ministerio de Energ\u00eda y Ambiente\u00a0de Mendoza concret\u00f3 una importante obra de\u00a0renovaci\u00f3n el\u00e9ctrica\u00a0en el\u00a0barrio Cooperativa El\u00e9ctrica Calle Primavera y Falucho, ubicado en el departamento de\u00a0Rivadavia. La intervenci\u00f3n, que demand\u00f3 una\u00a0inversi\u00f3n superior a $75 millones, fue ejecutada por la\u00a0Cooperativa El\u00e9ctrica y Anexos Popular de Rivadavia Ltda.\u00a0y actualmente\u00a0beneficia [&hellip;]<\/p>\n","protected":false},"author":2,"featured_media":12441,"comment_status":"open","ping_status":"open","sticky":false,"template":"","format":"standard","meta":[],"categories":[111],"tags":[],"_links":{"self":[{"href":"https:\/\/pasaenmendoza.com\/index.php?rest_route=\/wp\/v2\/posts\/12440"}],"collection":[{"href":"https:\/\/pasaenmendoza.com\/index.php?rest_route=\/wp\/v2\/posts"}],"about":[{"href":"https:\/\/pasaenmendoza.com\/index.php?rest_route=\/wp\/v2\/types\/post"}],"author":[{"embeddable":true,"href":"https:\/\/pasaenmendoza.com\/index.php?rest_route=\/wp\/v2\/users\/2"}],"replies":[{"embeddable":true,"href":"https:\/\/pasaenmendoza.com\/index.php?rest_route=%2Fwp%2Fv2%2Fcomments&post=12440"}],"version-history":[{"count":1,"href":"https:\/\/pasaenmendoza.com\/index.php?rest_route=\/wp\/v2\/posts\/12440\/revisions"}],"predecessor-version":[{"id":12442,"href":"https:\/\/pasaenmendoza.com\/index.php?rest_route=\/wp\/v2\/posts\/12440\/revisions\/12442"}],"wp:featuredmedia":[{"embeddable":true,"href":"https:\/\/pasaenmendoza.com\/index.php?rest_route=\/wp\/v2\/media\/12441"}],"wp:attachment":[{"href":"https:\/\/pasaenmendoza.com\/index.php?rest_route=%2Fwp%2Fv2%2Fmedia&parent=12440"}],"wp:term":[{"taxonomy":"category","embeddable":true,"href":"https:\/\/pasaenmendoza.com\/index.php?rest_route=%2Fwp%2Fv2%2Fcategories&post=12440"},{"taxonomy":"post_tag","embeddable":true,"href":"https:\/\/pasaenmendoza.com\/index.php?rest_route=%2Fwp%2Fv2%2Ftags&post=12440"}],"curies":[{"name":"wp","href":"https:\/\/api.w.org\/{rel}","templated":true}]}}