{"id":12446,"date":"2025-04-10T21:57:35","date_gmt":"2025-04-10T19:57:35","guid":{"rendered":"https:\/\/pasaenmendoza.com\/?p=12446"},"modified":"2025-04-10T21:57:36","modified_gmt":"2025-04-10T19:57:36","slug":"cobro-a-obras-sociales-en-hospitales-publicos-en-un-mes-facturamos-lo-que-antes-en-un-ano","status":"publish","type":"post","link":"https:\/\/pasaenmendoza.com\/?p=12446","title":{"rendered":"Cobro a obras sociales en hospitales p\u00fablicos: \u201cEn un mes facturamos lo que antes en un a\u00f1o\u201d"},"content":{"rendered":"\n<p>En agosto del 2024, el Gobierno de Mendoza puso en marcha el\u00a0<strong>Ente de<\/strong>\u00a0<strong>Recuperaci\u00f3n de Fondos para el Fortalecimiento del Sistema de Salud<\/strong>\u00a0(Reforsal), el programa provincial que busca recuperar ingresos para el sistema de salud p\u00fablica mediante la facturaci\u00f3n de servicios brindados a afiliados de prepagas y\u00a0<strong>obras sociales<\/strong>\u00a0en hospitales p\u00fablicos.\u00a0<\/p>\n\n\n\n<p>A ocho meses de su implementaci\u00f3n, el ministro de Salud de Mendoza,&nbsp;<strong>Rodolfo Montero<\/strong>, asegur\u00f3 a El Sol, que los resultados han sido muy positivos, con un crecimiento de atenci\u00f3n en el sector p\u00fablico y una facturaci\u00f3n de&nbsp;<strong>hasta $3.000 millones por mes.<\/strong><\/p>\n\n\n\n<p>\u201c<strong>En los \u00faltimos dos meses, la facturaci\u00f3n ha rondado entre los 2.800 y 3.000 millones de pesos mensuales<\/strong>. Si comparamos con el sistema que ten\u00edamos antes que el Reforsal,\u00a0<strong>hoy en un mes facturamos lo que antes se hac\u00eda en un a\u00f1o<\/strong>\u201c, explic\u00f3 Montero.<\/p>\n\n\n\n<p>El funcionario recalc\u00f3 que esas cifras corresponden a la facturaci\u00f3n, distinto de la cobranza, cuyo proceso viene m\u00e1s lento. Seg\u00fan las cifras oficiales,&nbsp;<strong>por mes el Gobierno estar\u00eda cobrando unos 1.000 millones de pesos<\/strong>&nbsp;de prestaciones realizadas en el sector p\u00fablico a pacientes con obras sociales.<\/p>\n\n\n\n<h2 class=\"wp-block-heading\" id=\"h-las-practicas-mas-demandadas-en-el-sector-publico\">Las pr\u00e1cticas m\u00e1s demandadas en el sector p\u00fablico<\/h2>\n\n\n\n<p>Son muchas las especialidades que hoy se ven demandadas en el sector p\u00fablico, sin embargo,&nbsp;<strong>Montero asegur\u00f3 que las que pican en punta son las consultas de urgencias que se atienden en la guardia m\u00e9dica y cuyo costo es de $13.000<\/strong>, que no debe pagar el paciente, sino la obra social o prepaga de \u00e9ste.<\/p>\n\n\n\n<p>Las mismas, por lo general, se realizan en el hospital Lagomaggiore o Central y, en el caso de urgencias pedi\u00e1tricas, en el Notti.<\/p>\n\n\n\n<p>En el podio tambi\u00e9n se ubica la consulta m\u00e9dica con un cl\u00ednico, cuyo costo ronda los $10.000.<\/p>\n\n\n\n<p>\u201cEn el caso de las especialidades, las m\u00e1s demandadas son: dermatolog\u00eda (por la baja oferta que hay en el sector privado), psiquiatr\u00eda y psicolog\u00eda (porque en el sector privado, por lo general, los especialistas no reciben obra social y, a eso, se le suma la falta de turnos)\u201d, enumer\u00f3 Montero y, agreg\u00f3 que en el \u00e1mbito privado los valores de las consultas que se manejan son muy elevados.<\/p>\n\n\n\n<p>Otras de las especializaciones que han sufrido gran demanda son cardiolog\u00eda, nefrolog\u00eda, neurocirug\u00eda, oftalmolog\u00eda y odontolog\u00eda. Los valores en estas especialidades arrancan en los $15.000.<\/p>\n\n\n\n<p>Asimismo, el funcionario refiri\u00f3 que tambi\u00e9n se observa mucho crecimiento en pr\u00e1cticas de laboratorio y de im\u00e1genes. En la mayor\u00eda de los casos, la demanda tiene que ver no s\u00f3lo con el valor de la prestaci\u00f3n, mucho m\u00e1s accesible que en el sector privado, sino tambi\u00e9n con el tema de los turnos menos espaciados.<\/p>\n\n\n\n<p>Otro tema interesante para destacar es la cantidad de partos y ces\u00e1reas que se han empezado a realizar en el sector p\u00fablico, precisamente, en el Lagomaggiore, la maternidad m\u00e1s importante de la regi\u00f3n de Cuyo.<\/p>\n\n\n\n<p><strong>El costo de un parto natural ronda los 724.000 pesos, en tanto, una ces\u00e1rea, tiene un valor cercano de los 800.000.<\/strong><\/p>\n\n\n\n<p>\u201cLos pacientes de obras sociales que tienen pocos afiliados o bajo nivel de ingresos son los que dan a luz en los efectores privados, ya que las prestadoras no tienen convenios con el centro privado que posean maternidad o si lo hay son de muy baja calidad y la gente opta por atenderse en un hospital donde tiene asegurado el servicio tanto para la madre como para el beb\u00e9\u201d, dijo Montero.<\/p>\n\n\n\n<p><strong>Fuente: www.elsol.com.ar<\/strong><\/p>\n","protected":false},"excerpt":{"rendered":"<p>En agosto del 2024, el Gobierno de Mendoza puso en marcha el\u00a0Ente de\u00a0Recuperaci\u00f3n de Fondos para el Fortalecimiento del Sistema de Salud\u00a0(Reforsal), el programa provincial que busca recuperar ingresos para el sistema de salud p\u00fablica mediante la facturaci\u00f3n de servicios brindados a afiliados de prepagas y\u00a0obras sociales\u00a0en hospitales p\u00fablicos.\u00a0 A ocho meses de su implementaci\u00f3n, [&hellip;]<\/p>\n","protected":false},"author":2,"featured_media":12447,"comment_status":"open","ping_status":"open","sticky":false,"template":"","format":"standard","meta":[],"categories":[58],"tags":[],"_links":{"self":[{"href":"https:\/\/pasaenmendoza.com\/index.php?rest_route=\/wp\/v2\/posts\/12446"}],"collection":[{"href":"https:\/\/pasaenmendoza.com\/index.php?rest_route=\/wp\/v2\/posts"}],"about":[{"href":"https:\/\/pasaenmendoza.com\/index.php?rest_route=\/wp\/v2\/types\/post"}],"author":[{"embeddable":true,"href":"https:\/\/pasaenmendoza.com\/index.php?rest_route=\/wp\/v2\/users\/2"}],"replies":[{"embeddable":true,"href":"https:\/\/pasaenmendoza.com\/index.php?rest_route=%2Fwp%2Fv2%2Fcomments&post=12446"}],"version-history":[{"count":1,"href":"https:\/\/pasaenmendoza.com\/index.php?rest_route=\/wp\/v2\/posts\/12446\/revisions"}],"predecessor-version":[{"id":12448,"href":"https:\/\/pasaenmendoza.com\/index.php?rest_route=\/wp\/v2\/posts\/12446\/revisions\/12448"}],"wp:featuredmedia":[{"embeddable":true,"href":"https:\/\/pasaenmendoza.com\/index.php?rest_route=\/wp\/v2\/media\/12447"}],"wp:attachment":[{"href":"https:\/\/pasaenmendoza.com\/index.php?rest_route=%2Fwp%2Fv2%2Fmedia&parent=12446"}],"wp:term":[{"taxonomy":"category","embeddable":true,"href":"https:\/\/pasaenmendoza.com\/index.php?rest_route=%2Fwp%2Fv2%2Fcategories&post=12446"},{"taxonomy":"post_tag","embeddable":true,"href":"https:\/\/pasaenmendoza.com\/index.php?rest_route=%2Fwp%2Fv2%2Ftags&post=12446"}],"curies":[{"name":"wp","href":"https:\/\/api.w.org\/{rel}","templated":true}]}}