{"id":12452,"date":"2025-04-11T16:24:52","date_gmt":"2025-04-11T14:24:52","guid":{"rendered":"https:\/\/pasaenmendoza.com\/?p=12452"},"modified":"2025-04-11T16:24:53","modified_gmt":"2025-04-11T14:24:53","slug":"mendoza-con-alerta-por-tormentas-y-descenso-de-la-temperatura","status":"publish","type":"post","link":"https:\/\/pasaenmendoza.com\/?p=12452","title":{"rendered":"Mendoza, con alerta por tormentas y descenso de la temperatura"},"content":{"rendered":"\n<p>Tal como se ven\u00eda anunciando, este viernes arranca con&nbsp;<strong>alerta amarilla<\/strong>&nbsp;por&nbsp;<strong>tormentas<\/strong>, El fen\u00f3meno se registrar\u00e1 durante la ma\u00f1ana, en gran parte del territorio provincial. Adem\u00e1s, se prev\u00e9n&nbsp;<strong>nevadas en cordillera.<\/strong><\/p>\n\n\n\n<p>La Direcci\u00f3n de Contingencias Clim\u00e1ticas indica: \u201cMayormente nublado e inestable con tormentas aisladas, descenso de la temperatura y vientos moderados del sector sur\u201d.\u00a0<strong>La m\u00ednima ser\u00e1 de 12 grados y la m\u00e1xima de 18.<\/strong><\/p>\n\n\n\n<p>El<strong>&nbsp;s\u00e1bado<\/strong>, mejoran las condiciones meteorol\u00f3gicas, el cielo estar\u00e1 parcialmente nublado, con poco cambio de la temperatura.&nbsp;<strong>La m\u00ednima ser\u00e1 de 9 grados y la m\u00e1xima de 21.<\/strong><\/p>\n\n\n\n<p>En tanto, para el\u00a0<strong>domingo\u00a0<\/strong>estar\u00e1 \u201cparcialmente nublado con ascenso de la temperatura, vientos leves del noreste\u201d.\u00a0<strong>La m\u00ednima ser\u00e1 de 12 y la m\u00e1xima de 23.<\/strong><\/p>\n\n\n\n<p><strong>Fuente: www.elsol.com.ar<\/strong><\/p>\n","protected":false},"excerpt":{"rendered":"<p>Tal como se ven\u00eda anunciando, este viernes arranca con&nbsp;alerta amarilla&nbsp;por&nbsp;tormentas, El fen\u00f3meno se registrar\u00e1 durante la ma\u00f1ana, en gran parte del territorio provincial. Adem\u00e1s, se prev\u00e9n&nbsp;nevadas en cordillera. La Direcci\u00f3n de Contingencias Clim\u00e1ticas indica: \u201cMayormente nublado e inestable con tormentas aisladas, descenso de la temperatura y vientos moderados del sector sur\u201d.\u00a0La m\u00ednima ser\u00e1 de 12 [&hellip;]<\/p>\n","protected":false},"author":2,"featured_media":12453,"comment_status":"open","ping_status":"open","sticky":false,"template":"","format":"standard","meta":[],"categories":[52],"tags":[],"_links":{"self":[{"href":"https:\/\/pasaenmendoza.com\/index.php?rest_route=\/wp\/v2\/posts\/12452"}],"collection":[{"href":"https:\/\/pasaenmendoza.com\/index.php?rest_route=\/wp\/v2\/posts"}],"about":[{"href":"https:\/\/pasaenmendoza.com\/index.php?rest_route=\/wp\/v2\/types\/post"}],"author":[{"embeddable":true,"href":"https:\/\/pasaenmendoza.com\/index.php?rest_route=\/wp\/v2\/users\/2"}],"replies":[{"embeddable":true,"href":"https:\/\/pasaenmendoza.com\/index.php?rest_route=%2Fwp%2Fv2%2Fcomments&post=12452"}],"version-history":[{"count":1,"href":"https:\/\/pasaenmendoza.com\/index.php?rest_route=\/wp\/v2\/posts\/12452\/revisions"}],"predecessor-version":[{"id":12454,"href":"https:\/\/pasaenmendoza.com\/index.php?rest_route=\/wp\/v2\/posts\/12452\/revisions\/12454"}],"wp:featuredmedia":[{"embeddable":true,"href":"https:\/\/pasaenmendoza.com\/index.php?rest_route=\/wp\/v2\/media\/12453"}],"wp:attachment":[{"href":"https:\/\/pasaenmendoza.com\/index.php?rest_route=%2Fwp%2Fv2%2Fmedia&parent=12452"}],"wp:term":[{"taxonomy":"category","embeddable":true,"href":"https:\/\/pasaenmendoza.com\/index.php?rest_route=%2Fwp%2Fv2%2Fcategories&post=12452"},{"taxonomy":"post_tag","embeddable":true,"href":"https:\/\/pasaenmendoza.com\/index.php?rest_route=%2Fwp%2Fv2%2Ftags&post=12452"}],"curies":[{"name":"wp","href":"https:\/\/api.w.org\/{rel}","templated":true}]}}