{"id":12455,"date":"2025-04-11T16:28:06","date_gmt":"2025-04-11T14:28:06","guid":{"rendered":"https:\/\/pasaenmendoza.com\/?p=12455"},"modified":"2025-04-11T16:28:07","modified_gmt":"2025-04-11T14:28:07","slug":"conmocion-murio-un-hombre-tras-caer-desde-el-octavo-piso-de-casa-de-gobierno","status":"publish","type":"post","link":"https:\/\/pasaenmendoza.com\/?p=12455","title":{"rendered":"Conmoci\u00f3n: muri\u00f3 un hombre tras caer desde el octavo piso de Casa de Gobierno"},"content":{"rendered":"\n<p>Un episodio que caus\u00f3 conmoci\u00f3n ocurri\u00f3 en la ma\u00f1ana de este viernes en Casa de Gobierno. Fuentes informaron a&nbsp;<em>El Sol<\/em>&nbsp;que&nbsp;<strong>una persona cay\u00f3 desde la terraza del lugar al vac\u00edo<\/strong>, quit\u00e1ndose la vida.<\/p>\n\n\n\n<p>El hombre se arroj\u00f3 desde el octavo piso, donde funcionan las oficinas de Infraestructura de la provincia. Cay\u00f3 en la zona del ingreso de\u00a0<strong>calle Peltier.<\/strong><\/p>\n\n\n\n<p>Personal policial y de criminal\u00edstica trabaja en el lugar. Hasta el momento no se ha identificado a la v\u00edctima, pero no se tratar\u00eda de una persona que se desempe\u00f1aba en el edificio.<\/p>\n\n\n\n<p>En tanto, las actividades contin\u00faan con normalidad.<\/p>\n\n\n\n<p><strong>Fuente: www.elsol.com.ar<\/strong><\/p>\n","protected":false},"excerpt":{"rendered":"<p>Un episodio que caus\u00f3 conmoci\u00f3n ocurri\u00f3 en la ma\u00f1ana de este viernes en Casa de Gobierno. Fuentes informaron a&nbsp;El Sol&nbsp;que&nbsp;una persona cay\u00f3 desde la terraza del lugar al vac\u00edo, quit\u00e1ndose la vida. El hombre se arroj\u00f3 desde el octavo piso, donde funcionan las oficinas de Infraestructura de la provincia. Cay\u00f3 en la zona del ingreso [&hellip;]<\/p>\n","protected":false},"author":2,"featured_media":12456,"comment_status":"open","ping_status":"open","sticky":false,"template":"","format":"standard","meta":[],"categories":[48],"tags":[],"_links":{"self":[{"href":"https:\/\/pasaenmendoza.com\/index.php?rest_route=\/wp\/v2\/posts\/12455"}],"collection":[{"href":"https:\/\/pasaenmendoza.com\/index.php?rest_route=\/wp\/v2\/posts"}],"about":[{"href":"https:\/\/pasaenmendoza.com\/index.php?rest_route=\/wp\/v2\/types\/post"}],"author":[{"embeddable":true,"href":"https:\/\/pasaenmendoza.com\/index.php?rest_route=\/wp\/v2\/users\/2"}],"replies":[{"embeddable":true,"href":"https:\/\/pasaenmendoza.com\/index.php?rest_route=%2Fwp%2Fv2%2Fcomments&post=12455"}],"version-history":[{"count":1,"href":"https:\/\/pasaenmendoza.com\/index.php?rest_route=\/wp\/v2\/posts\/12455\/revisions"}],"predecessor-version":[{"id":12457,"href":"https:\/\/pasaenmendoza.com\/index.php?rest_route=\/wp\/v2\/posts\/12455\/revisions\/12457"}],"wp:featuredmedia":[{"embeddable":true,"href":"https:\/\/pasaenmendoza.com\/index.php?rest_route=\/wp\/v2\/media\/12456"}],"wp:attachment":[{"href":"https:\/\/pasaenmendoza.com\/index.php?rest_route=%2Fwp%2Fv2%2Fmedia&parent=12455"}],"wp:term":[{"taxonomy":"category","embeddable":true,"href":"https:\/\/pasaenmendoza.com\/index.php?rest_route=%2Fwp%2Fv2%2Fcategories&post=12455"},{"taxonomy":"post_tag","embeddable":true,"href":"https:\/\/pasaenmendoza.com\/index.php?rest_route=%2Fwp%2Fv2%2Ftags&post=12455"}],"curies":[{"name":"wp","href":"https:\/\/api.w.org\/{rel}","templated":true}]}}