{"id":12458,"date":"2025-04-11T16:31:50","date_gmt":"2025-04-11T14:31:50","guid":{"rendered":"https:\/\/pasaenmendoza.com\/?p=12458"},"modified":"2025-04-11T16:31:51","modified_gmt":"2025-04-11T14:31:51","slug":"advierten-por-la-confirmacion-de-un-caso-de-rabia-en-mendoza","status":"publish","type":"post","link":"https:\/\/pasaenmendoza.com\/?p=12458","title":{"rendered":"Advierten por la confirmaci\u00f3n de un caso de rabia en Mendoza"},"content":{"rendered":"\n<p>El\u00a0<strong>Colegio de M\u00e9dicos Veterinarios de Mendoza\u00a0<\/strong>confirm\u00f3 un\u00a0<strong>caso de rabia en la provincia<\/strong>, tras detectar un\u00a0<strong>murci\u00e9lago infectado en Potrerillos<\/strong>,\u00a0<strong>Luj\u00e1n de Cuyo<\/strong>. Este incidente, que ocurri\u00f3 el\u00a0<strong>pasado 28 de febrero<\/strong>, involucr\u00f3 contacto directo entre el\u00a0<strong>murci\u00e9lago y una persona<\/strong>.\u00a0<\/p>\n\n\n\n<p>El informe destaca que este hecho activa una\u00a0<strong>alerta epidemiol\u00f3gica<\/strong>\u00a0y subraya la urgencia de intensificar las medidas de prevenci\u00f3n. &#8220;La rabia es un Evento de Notificaci\u00f3n Obligatoria (ENO) seg\u00fan la Ley Nacional N\u00b0 15.465. Ante cualquier sospecha, se deben activar los protocolos necesarios para evitar la propagaci\u00f3n del virus&#8221;, se\u00f1alaron.\u00a0<\/p>\n\n\n\n<p>Desde el<strong>\u00a0Colegio de M\u00e9dicos Veterinarios<\/strong>\u00a0destacaron que los veterinarios juegan un papel esencial en la detecci\u00f3n y prevenci\u00f3n de la rabia.\u00a0<\/p>\n\n\n\n<p>&#8220;No solo deben notificar casos sospechosos, sino que tambi\u00e9n es vital que fomenten la concientizaci\u00f3n entre los propietarios de mascotas sobre la importancia de la vacunaci\u00f3n antirr\u00e1bica&#8221;, agregaron.&nbsp;<\/p>\n\n\n\n<p>La vacunaci\u00f3n debe iniciarse a los 3 meses de edad y reforzarse anualmente para asegurar la protecci\u00f3n de los animales y, en consecuencia, la salud de la comunidad.<\/p>\n\n\n\n<p><strong>Fuente: www.mendozapost.com<\/strong><\/p>\n","protected":false},"excerpt":{"rendered":"<p>El\u00a0Colegio de M\u00e9dicos Veterinarios de Mendoza\u00a0confirm\u00f3 un\u00a0caso de rabia en la provincia, tras detectar un\u00a0murci\u00e9lago infectado en Potrerillos,\u00a0Luj\u00e1n de Cuyo. Este incidente, que ocurri\u00f3 el\u00a0pasado 28 de febrero, involucr\u00f3 contacto directo entre el\u00a0murci\u00e9lago y una persona.\u00a0 El informe destaca que este hecho activa una\u00a0alerta epidemiol\u00f3gica\u00a0y subraya la urgencia de intensificar las medidas de prevenci\u00f3n. &#8220;La [&hellip;]<\/p>\n","protected":false},"author":2,"featured_media":12459,"comment_status":"open","ping_status":"open","sticky":false,"template":"","format":"standard","meta":[],"categories":[50],"tags":[],"_links":{"self":[{"href":"https:\/\/pasaenmendoza.com\/index.php?rest_route=\/wp\/v2\/posts\/12458"}],"collection":[{"href":"https:\/\/pasaenmendoza.com\/index.php?rest_route=\/wp\/v2\/posts"}],"about":[{"href":"https:\/\/pasaenmendoza.com\/index.php?rest_route=\/wp\/v2\/types\/post"}],"author":[{"embeddable":true,"href":"https:\/\/pasaenmendoza.com\/index.php?rest_route=\/wp\/v2\/users\/2"}],"replies":[{"embeddable":true,"href":"https:\/\/pasaenmendoza.com\/index.php?rest_route=%2Fwp%2Fv2%2Fcomments&post=12458"}],"version-history":[{"count":1,"href":"https:\/\/pasaenmendoza.com\/index.php?rest_route=\/wp\/v2\/posts\/12458\/revisions"}],"predecessor-version":[{"id":12460,"href":"https:\/\/pasaenmendoza.com\/index.php?rest_route=\/wp\/v2\/posts\/12458\/revisions\/12460"}],"wp:featuredmedia":[{"embeddable":true,"href":"https:\/\/pasaenmendoza.com\/index.php?rest_route=\/wp\/v2\/media\/12459"}],"wp:attachment":[{"href":"https:\/\/pasaenmendoza.com\/index.php?rest_route=%2Fwp%2Fv2%2Fmedia&parent=12458"}],"wp:term":[{"taxonomy":"category","embeddable":true,"href":"https:\/\/pasaenmendoza.com\/index.php?rest_route=%2Fwp%2Fv2%2Fcategories&post=12458"},{"taxonomy":"post_tag","embeddable":true,"href":"https:\/\/pasaenmendoza.com\/index.php?rest_route=%2Fwp%2Fv2%2Ftags&post=12458"}],"curies":[{"name":"wp","href":"https:\/\/api.w.org\/{rel}","templated":true}]}}