{"id":12464,"date":"2025-04-11T23:50:20","date_gmt":"2025-04-11T21:50:20","guid":{"rendered":"https:\/\/pasaenmendoza.com\/?p=12464"},"modified":"2025-04-11T23:50:21","modified_gmt":"2025-04-11T21:50:21","slug":"alfredo-cornejo-destaco-al-cannabis-como-la-nueva-industria-que-puede-ser-clave-para-mendoza","status":"publish","type":"post","link":"https:\/\/pasaenmendoza.com\/?p=12464","title":{"rendered":"Alfredo Cornejo destac\u00f3 al cannabis como la nueva industria que puede ser clave para Mendoza"},"content":{"rendered":"\n<p>El gobernador\u00a0<strong>Alfredo Cornejo<\/strong>\u00a0particip\u00f3 este viernes de la apertura de la\u00a0<strong>Expo Mendocann<\/strong>, que se realiza hasta este s\u00e1bado en el Espacio Arizu, en Godoy Cruz. En esta segunda edici\u00f3n, los ejes ser\u00e1n el cultivo, la industria, la medicina y la innovaci\u00f3n, por lo que la feria reunir\u00e1 a empresas, expertos, emprendedores y p\u00fablico en general.<\/p>\n\n\n\n<p>Despu\u00e9s del tradicional\u00a0corte de cinta de la exposici\u00f3n del\u00a0<strong>mundo del cannabis<\/strong>, Cornejo brind\u00f3 un mensaje de respaldo al desarrollo de la industria del cannabis medicinal y celebr\u00f3 la reciente promulgaci\u00f3n de la Ley 9.617, que crea el Reprocann provincial y otorga un marco legal a las inversiones en este sector.<\/p>\n\n\n\n<p>&#8220;Nos han comprometido a encarar este desaf\u00edo de una\u00a0<strong>nueva industria en Mendoza<\/strong>, porque vemos oportunidades de \u00e9xito, tanto para los mendocinos como para la Argentina\u201d, destac\u00f3 y subray\u00f3 la importancia de ampliar la matriz productiva de la provincia y apostar por el desarrollo de peque\u00f1as y medianas empresas (pymes) como motor de empleo y generaci\u00f3n de riqueza.<\/p>\n\n\n\n<p>El mandatario resalt\u00f3 que la Argentina necesita sector privado en cantidad y en calidad, como as\u00ed tambi\u00e9n pymes. &#8220;Son las que dan trabajo, las que generan esa riqueza que se ve luego en la calle, en el barrio\u201d, dijo.<\/p>\n\n\n\n<p>Tambi\u00e9n estuvieron el presidente de la C\u00e1mara de Diputados, Andr\u00e9s Lombardi; los intendentes de Godoy Cruz, Diego Costarelli, y de Santa Rosa, Flor Dest\u00e9fanis. El&nbsp;<strong>productor general de Mendocann 2025, Valent\u00edn Stradella<\/strong>, fue quien los recibi\u00f3 y dio la bienvenida tambi\u00e9n a los ministros de Producci\u00f3n, Rodolfo Vargas Arizu, y de Gobierno, Infraestructura y Ordenamiento Territorial, Natalio Mema.<\/p>\n\n\n\n<h2 class=\"wp-block-heading\">La ley sobre los usos del cannabis ya fue promulgada<\/h2>\n\n\n\n<p><strong>Alfredo Cornejo<\/strong>&nbsp;enmarc\u00f3 el impulso al cannabis dentro de una estrategia de diversificaci\u00f3n productiva y reconversi\u00f3n agr\u00edcola al asegurar que &#8220;desarrollar esta nueva industria es una oportunidad de&nbsp;<strong>reconversi\u00f3n<\/strong>&nbsp;para determinadas personas y empresas. Es una forma de ampliar nuestra matriz productiva\u201d.<\/p>\n\n\n\n<p>Puso en valor el trabajo conjunto de los poderes del Estado provincial para sancionar la ley con amplio consenso pol\u00edtico. \u201cEl sistema pol\u00edtico mendocino, de alta institucionalidad, ha dado una se\u00f1al muy buena, sacando una legislaci\u00f3n con amplia mayor\u00eda. Esto va en serio, no tiene restricciones pol\u00edticas\u201d, afirm\u00f3, al tiempo que destac\u00f3 la presencia de legisladores de distintos espacios y de intendentes, incluso de la oposici\u00f3n.<\/p>\n\n\n\n<p><strong>Cornejo<\/strong>\u00a0tambi\u00e9n anunci\u00f3 que\u00a0<strong>la ley ya fue promulgada y publicada en el Bolet\u00edn Oficial<\/strong>, lo que habilita a las empresas a comenzar a planificar sus inversiones: &#8220;Estamos en condiciones de dar certidumbre a nuevas empresas de otras provincias y a las locales. Queremos una reglamentaci\u00f3n t\u00e9cnica y s\u00f3lida para que esta actividad sea rentable y eficaz\u201d.<\/p>\n\n\n\n<p>En el cierre de su intervenci\u00f3n, el gobernador convoc\u00f3 a construir un entorno de trabajo colaborativo y serio para el&nbsp;<strong>desarrollo de la industria del cannabis<\/strong>. \u201cQueremos desmitificar esta actividad y hacerlo con solidez pol\u00edtica. Reclamamos al sector privado seguir trabajando unidos. Aqu\u00ed es para aprender, es para coordinar, es para proyectar. Mendoza es un entorno de negocios para much\u00edsimas actividades, y lo es tambi\u00e9n a partir de esta ley\u201d, concluy\u00f3.<\/p>\n\n\n\n<h2 class=\"wp-block-heading\">Stradella resalt\u00f3 el valor estrat\u00e9gico del cannabis medicinal para Mendoza<\/h2>\n\n\n\n<p><strong>Valent\u00edn Stradella<\/strong>, uno de los impulsores del evento y referente de la empresa Mendocann, agradeci\u00f3 el acompa\u00f1amiento pol\u00edtico y valor\u00f3 el trabajo colectivo que hizo posible este encuentro. Tambi\u00e9n expres\u00f3 su reconocimiento a los expositores, quienes, seg\u00fan dijo, permiten mostrar &#8220;toda la tecnolog\u00eda y la innovaci\u00f3n de una industria que est\u00e1 creciendo y se est\u00e1 desarrollando\u201d.<\/p>\n\n\n\n<p>Destac\u00f3 la importancia de contar con una<strong>&nbsp;legislaci\u00f3n adecuada<\/strong>&nbsp;que acompa\u00f1e el crecimiento del sector y para esto asegur\u00f3 que \u201ctenemos que hacer los procesos correctos para que tengamos la posibilidad de expandirnos a nivel mundial. Mendoza tiene todas las caracter\u00edsticas para que as\u00ed sea\u201d, afirm\u00f3, y convoc\u00f3 a los presentes a comprometerse con ese objetivo.<\/p>\n\n\n\n<p>Finalmente, Stradella hizo hincapi\u00e9 en el&nbsp;<strong>valor estrat\u00e9gico del cannabis medicinal&nbsp;<\/strong>para la econom\u00eda provincial y explic\u00f3 que el objetivo final es ayudar a la matriz productiva de Mendoza. Adem\u00e1s, agradeci\u00f3 especialmente al Gobierno provincial y a los intendentes por su apoyo territorial: \u201cSin ellos no podr\u00edamos avanzar\u201d.<\/p>\n\n\n\n<p>A su turno,<strong>&nbsp;el intendente de Godoy Cruz, Diego Costarelli,<\/strong>&nbsp;tambi\u00e9n ofreci\u00f3 unas palabras de bienvenida, en las que destac\u00f3 la relevancia de la actividad en el marco del crecimiento de la industria del cannabis: \u201cQuiero invitar a todos los presentes a aprovechar estos dos d\u00edas para instruirse, para conocer en profundidad y en detalle las enormes oportunidades que brinda la industria del cannabis\u201d.<\/p>\n\n\n\n<p>El jefe comunal asegur\u00f3 que el sector est\u00e1 fuertemente ligado a la innovaci\u00f3n y que su desarrollo requiere de un marco legal claro y estable y afirm\u00f3 que \u201ces una industria que necesita siempre un paraguas jur\u00eddico para poder desarrollarse, y ese marco ha sido muy cambiante en nuestro pa\u00eds\u201d.<\/p>\n\n\n\n<p><strong>Fuente: www.diariouno.com.ar<\/strong><\/p>\n","protected":false},"excerpt":{"rendered":"<p>El gobernador\u00a0Alfredo Cornejo\u00a0particip\u00f3 este viernes de la apertura de la\u00a0Expo Mendocann, que se realiza hasta este s\u00e1bado en el Espacio Arizu, en Godoy Cruz. En esta segunda edici\u00f3n, los ejes ser\u00e1n el cultivo, la industria, la medicina y la innovaci\u00f3n, por lo que la feria reunir\u00e1 a empresas, expertos, emprendedores y p\u00fablico en general. Despu\u00e9s [&hellip;]<\/p>\n","protected":false},"author":2,"featured_media":12465,"comment_status":"open","ping_status":"open","sticky":false,"template":"","format":"standard","meta":[],"categories":[47],"tags":[],"_links":{"self":[{"href":"https:\/\/pasaenmendoza.com\/index.php?rest_route=\/wp\/v2\/posts\/12464"}],"collection":[{"href":"https:\/\/pasaenmendoza.com\/index.php?rest_route=\/wp\/v2\/posts"}],"about":[{"href":"https:\/\/pasaenmendoza.com\/index.php?rest_route=\/wp\/v2\/types\/post"}],"author":[{"embeddable":true,"href":"https:\/\/pasaenmendoza.com\/index.php?rest_route=\/wp\/v2\/users\/2"}],"replies":[{"embeddable":true,"href":"https:\/\/pasaenmendoza.com\/index.php?rest_route=%2Fwp%2Fv2%2Fcomments&post=12464"}],"version-history":[{"count":1,"href":"https:\/\/pasaenmendoza.com\/index.php?rest_route=\/wp\/v2\/posts\/12464\/revisions"}],"predecessor-version":[{"id":12466,"href":"https:\/\/pasaenmendoza.com\/index.php?rest_route=\/wp\/v2\/posts\/12464\/revisions\/12466"}],"wp:featuredmedia":[{"embeddable":true,"href":"https:\/\/pasaenmendoza.com\/index.php?rest_route=\/wp\/v2\/media\/12465"}],"wp:attachment":[{"href":"https:\/\/pasaenmendoza.com\/index.php?rest_route=%2Fwp%2Fv2%2Fmedia&parent=12464"}],"wp:term":[{"taxonomy":"category","embeddable":true,"href":"https:\/\/pasaenmendoza.com\/index.php?rest_route=%2Fwp%2Fv2%2Fcategories&post=12464"},{"taxonomy":"post_tag","embeddable":true,"href":"https:\/\/pasaenmendoza.com\/index.php?rest_route=%2Fwp%2Fv2%2Ftags&post=12464"}],"curies":[{"name":"wp","href":"https:\/\/api.w.org\/{rel}","templated":true}]}}