{"id":12476,"date":"2025-04-14T16:19:35","date_gmt":"2025-04-14T14:19:35","guid":{"rendered":"https:\/\/pasaenmendoza.com\/?p=12476"},"modified":"2025-04-14T16:19:36","modified_gmt":"2025-04-14T14:19:36","slug":"lunes-nublado-y-con-alerta-por-tormentas-en-mendoza","status":"publish","type":"post","link":"https:\/\/pasaenmendoza.com\/?p=12476","title":{"rendered":"Lunes nublado y con alerta por tormentas en Mendoza"},"content":{"rendered":"\n<p>Luego de un domingo agradable y mayormente soleado, este lunes se espera por un leve ascenso de las temperaturas en la provincia de Mendoza. Sin embargo, habr\u00e1 zonas en las que estar\u00e1&nbsp;<strong>nublado&nbsp;<\/strong>e inestable, con probabilidad de tormentas.<\/p>\n\n\n\n<p>\u201cParcial&nbsp;<strong>nublado e inestabl<\/strong>e, ascenso de la temperatura, vientos moderados del sudeste. Poco nuboso en cordillera\u201d, indica el pron\u00f3stico de&nbsp;<strong>Contingencias Clim\u00e1ticas.<\/strong><\/p>\n\n\n\n<p>La m\u00ednima ser\u00e1 de 14\u00b0C y la m\u00e1xima de 24\u00b0C. Esas temperaturas marcar\u00e1n el inicio de una semana que tendr\u00e1 la misma tendencia, mientras los pron\u00f3sticos del viernes arrojan que podr\u00eda haber lluvias o inestabilidad para el Viernes Santo.<\/p>\n\n\n\n<p>Para este lunes, el\u00a0<strong>Servicio Meteorol\u00f3gico Nacional<\/strong>\u00a0emiti\u00f3 un alerta amarillo por tormentas en el Sur provincial que afectar\u00e1 sobre la tarde a los departamentos de San Rafael, General Alvear y Malarg\u00fce.<\/p>\n\n\n\n<p><strong>Fuente: www.elsol.com.ar<\/strong><\/p>\n","protected":false},"excerpt":{"rendered":"<p>Luego de un domingo agradable y mayormente soleado, este lunes se espera por un leve ascenso de las temperaturas en la provincia de Mendoza. Sin embargo, habr\u00e1 zonas en las que estar\u00e1&nbsp;nublado&nbsp;e inestable, con probabilidad de tormentas. \u201cParcial&nbsp;nublado e inestable, ascenso de la temperatura, vientos moderados del sudeste. Poco nuboso en cordillera\u201d, indica el pron\u00f3stico [&hellip;]<\/p>\n","protected":false},"author":2,"featured_media":12477,"comment_status":"open","ping_status":"open","sticky":false,"template":"","format":"standard","meta":[],"categories":[52],"tags":[],"_links":{"self":[{"href":"https:\/\/pasaenmendoza.com\/index.php?rest_route=\/wp\/v2\/posts\/12476"}],"collection":[{"href":"https:\/\/pasaenmendoza.com\/index.php?rest_route=\/wp\/v2\/posts"}],"about":[{"href":"https:\/\/pasaenmendoza.com\/index.php?rest_route=\/wp\/v2\/types\/post"}],"author":[{"embeddable":true,"href":"https:\/\/pasaenmendoza.com\/index.php?rest_route=\/wp\/v2\/users\/2"}],"replies":[{"embeddable":true,"href":"https:\/\/pasaenmendoza.com\/index.php?rest_route=%2Fwp%2Fv2%2Fcomments&post=12476"}],"version-history":[{"count":1,"href":"https:\/\/pasaenmendoza.com\/index.php?rest_route=\/wp\/v2\/posts\/12476\/revisions"}],"predecessor-version":[{"id":12478,"href":"https:\/\/pasaenmendoza.com\/index.php?rest_route=\/wp\/v2\/posts\/12476\/revisions\/12478"}],"wp:featuredmedia":[{"embeddable":true,"href":"https:\/\/pasaenmendoza.com\/index.php?rest_route=\/wp\/v2\/media\/12477"}],"wp:attachment":[{"href":"https:\/\/pasaenmendoza.com\/index.php?rest_route=%2Fwp%2Fv2%2Fmedia&parent=12476"}],"wp:term":[{"taxonomy":"category","embeddable":true,"href":"https:\/\/pasaenmendoza.com\/index.php?rest_route=%2Fwp%2Fv2%2Fcategories&post=12476"},{"taxonomy":"post_tag","embeddable":true,"href":"https:\/\/pasaenmendoza.com\/index.php?rest_route=%2Fwp%2Fv2%2Ftags&post=12476"}],"curies":[{"name":"wp","href":"https:\/\/api.w.org\/{rel}","templated":true}]}}