{"id":1248,"date":"2023-09-06T15:21:14","date_gmt":"2023-09-06T13:21:14","guid":{"rendered":"https:\/\/pasaenmendoza.com\/?p=1248"},"modified":"2023-09-06T15:21:16","modified_gmt":"2023-09-06T13:21:16","slug":"cuanto-aumento-la-comida-en-mendoza-en-los-ultimos-20-dias","status":"publish","type":"post","link":"https:\/\/pasaenmendoza.com\/?p=1248","title":{"rendered":"Cu\u00e1nto aument\u00f3 la comida en Mendoza en los \u00faltimos 20 d\u00edas"},"content":{"rendered":"\n<p>El mes de\u00a0<strong>agosto<\/strong>\u00a0fue uno de los meses m\u00e1s duros y el que m\u00e1s golpe\u00f3 el bolsillo de los argentinos. El descontento de la gente cada vez que tienen que ir a un supermercado es notable.<\/p>\n\n\n\n<p>Los precios de las g\u00f3ndolas en supermercados, mayoristas y en almacenes de barrio est\u00e1n en constante modificaci\u00f3n y la gente ya no sabe qu\u00e9 hacer para ganarle a la inflaci\u00f3n.\u00a0<\/p>\n\n\n\n<p>En\u00a0<strong>Mendoza<\/strong>, del 15 de agosto al 5 de septiembre, los alimentos b\u00e1sicos de consumo como el az\u00facar, el aceite, la leche, entre otros productos tuvieron un aumento de m\u00e1s de 20%, teniendo en cuenta que se toma de referencia productos de primeras marcas.<\/p>\n\n\n\n<p>El ajuste acordado entre el Gobierno y las principales empresas de consumo, supermercados y mayoristas para septiembre marca un 5% de aumento tope para m\u00e1s de 52.300 productos. Ser\u00e1 el segundo aumento del acuerdo tras el 5% inicial de agosto. Sin embargo, algunos productos se han vuelto inaccesibles por los elevados valores con los que se han exhibido.<\/p>\n\n\n\n<p>&#8220;Algunas empresas aplican el aumento a partir del primer d\u00eda de septiembre y otras a mediados, pero va a ser del 5% pactado, en cuanto a las empresas que no firmaron el acuerdo en agosto tuvieron aumentos del 10 y el 15%&#8221;, asegur\u00f3 Rub\u00e9n David, due\u00f1o del mayorista Oscar David.<\/p>\n\n\n\n<p>La Secretar\u00eda de Comercio inform\u00f3 a fines de agosto que m\u00e1s de 340 empresas renovaron el compromiso de adhesi\u00f3n al programa\u00a0<strong>Precios Justos<\/strong>, que incluye los rubros de consumo masivo, insumos difundidos, combustibles, medicamentos, calzado, indumentaria, l\u00ednea blanca, motos, electrodom\u00e9sticos y celulares y cadenas de supermercados y mayoristas.<\/p>\n\n\n\n<p>En Mendoza pod\u00e9s buscar los supermercados adheridos al programa y el listado de productos en\u00a0\u00a0https:\/\/www.argentina.gob.ar\/economia\/comercio\/preciosjustos\/mendoza<\/p>\n\n\n\n<p><strong>Fuente: www.mendozapost.com<\/strong><\/p>\n","protected":false},"excerpt":{"rendered":"<p>El mes de\u00a0agosto\u00a0fue uno de los meses m\u00e1s duros y el que m\u00e1s golpe\u00f3 el bolsillo de los argentinos. El descontento de la gente cada vez que tienen que ir a un supermercado es notable. Los precios de las g\u00f3ndolas en supermercados, mayoristas y en almacenes de barrio est\u00e1n en constante modificaci\u00f3n y la gente [&hellip;]<\/p>\n","protected":false},"author":2,"featured_media":1249,"comment_status":"open","ping_status":"open","sticky":false,"template":"","format":"standard","meta":[],"categories":[49],"tags":[],"_links":{"self":[{"href":"https:\/\/pasaenmendoza.com\/index.php?rest_route=\/wp\/v2\/posts\/1248"}],"collection":[{"href":"https:\/\/pasaenmendoza.com\/index.php?rest_route=\/wp\/v2\/posts"}],"about":[{"href":"https:\/\/pasaenmendoza.com\/index.php?rest_route=\/wp\/v2\/types\/post"}],"author":[{"embeddable":true,"href":"https:\/\/pasaenmendoza.com\/index.php?rest_route=\/wp\/v2\/users\/2"}],"replies":[{"embeddable":true,"href":"https:\/\/pasaenmendoza.com\/index.php?rest_route=%2Fwp%2Fv2%2Fcomments&post=1248"}],"version-history":[{"count":1,"href":"https:\/\/pasaenmendoza.com\/index.php?rest_route=\/wp\/v2\/posts\/1248\/revisions"}],"predecessor-version":[{"id":1250,"href":"https:\/\/pasaenmendoza.com\/index.php?rest_route=\/wp\/v2\/posts\/1248\/revisions\/1250"}],"wp:featuredmedia":[{"embeddable":true,"href":"https:\/\/pasaenmendoza.com\/index.php?rest_route=\/wp\/v2\/media\/1249"}],"wp:attachment":[{"href":"https:\/\/pasaenmendoza.com\/index.php?rest_route=%2Fwp%2Fv2%2Fmedia&parent=1248"}],"wp:term":[{"taxonomy":"category","embeddable":true,"href":"https:\/\/pasaenmendoza.com\/index.php?rest_route=%2Fwp%2Fv2%2Fcategories&post=1248"},{"taxonomy":"post_tag","embeddable":true,"href":"https:\/\/pasaenmendoza.com\/index.php?rest_route=%2Fwp%2Fv2%2Ftags&post=1248"}],"curies":[{"name":"wp","href":"https:\/\/api.w.org\/{rel}","templated":true}]}}