{"id":12485,"date":"2025-04-15T01:03:47","date_gmt":"2025-04-14T23:03:47","guid":{"rendered":"https:\/\/pasaenmendoza.com\/?p=12485"},"modified":"2025-04-15T01:03:48","modified_gmt":"2025-04-14T23:03:48","slug":"alfredo-cornejo-considero-positivo-el-fin-del-cepo-al-dolar-dispuesto-por-javier-milei","status":"publish","type":"post","link":"https:\/\/pasaenmendoza.com\/?p=12485","title":{"rendered":"Alfredo Cornejo consider\u00f3 positivo el fin del cepo al d\u00f3lar dispuesto por Javier Milei"},"content":{"rendered":"\n<p>El tema del d\u00eda, que ha dominado la agenda pol\u00edtica y econ\u00f3mica de la Argentina ha sido\u00a0el fin del\u00a0<strong>cepo<\/strong>.\u00a0Y al respecto tambi\u00e9n opin\u00f3 el gobernador de Mendoza,<strong>\u00a0Alfredo Cornejo.<\/strong>\u00a0Para \u00e9l, la medida es positiva, aunque como lo dicho en numerosas oportunidades, es necesario que se estabilice la macroeconom\u00eda nacional.<\/p>\n\n\n\n<p>En un alto de la recorrida por los nuevos paradores inteligentes del Metrotranv\u00eda,&nbsp;<strong>Cornejo&nbsp;<\/strong>habl\u00f3 con periodistas y afirm\u00f3: \u201cEs un paso positivo en la direcci\u00f3n correcta\u201d.<\/p>\n\n\n\n<p>\u201cCreemos que es una buena noticia que se libere el\u00a0<strong>cepo<\/strong>, por lo que lo vemos como positivo. Es una buena noticia que haya mayor libertad\u201d, enfatiz\u00f3.<\/p>\n\n\n\n<h2 class=\"wp-block-heading\">La opini\u00f3n de Alfredo Cornejo sobre el fin del cepo<\/h2>\n\n\n\n<p><strong>Cornejo&nbsp;<\/strong>se\u00f1al\u00f3 que &#8220;a\u00fan persisten restricciones, especialmente para personas jur\u00eddicas pero la Provincia respalda la orientaci\u00f3n econ\u00f3mica del gobierno nacional&#8221;.<\/p>\n\n\n\n<p>El gobernador insisti\u00f3 con un concepto que sostienen hace tiempo:\u00a0\u201cMendoza necesita una macroeconom\u00eda\u00a0m\u00e1s estable para avanzar en su desarrollo&#8221;.<\/p>\n\n\n\n<p>El titular del Ejecutivo reconoci\u00f3 que, aunque la medida puede generar un \u201cpeque\u00f1o salto inflacionario, forma parte de un proceso necesario para salir de un largo per\u00edodo de estancamiento. Nadie dijo, salvo el populismo y la demagogia, que esto iba a ser f\u00e1cil\u201d.<\/p>\n\n\n\n<p>Finalmente&nbsp;<strong>Alfredo Cornejo&nbsp;<\/strong>hizo &#8220;un llamado a que el gobierno nacional avance hacia una agenda enfocada en las peque\u00f1as y medianas empresas. La pr\u00f3xima etapa debe ser propymes. Las pymes est\u00e1n sufriendo y necesitamos incentivos para ellas. Bajar la inflaci\u00f3n no alcanza, necesitamos m\u00e1s empleo, y eso va de la mano de las peque\u00f1as y medianas empresas\u201d.<\/p>\n\n\n\n<p>De todos modos, \u201cpuede impactar en las&nbsp;<strong>tarifas<\/strong>&nbsp;la quita de&nbsp;<strong>subsidios,&nbsp;<\/strong>que ya se viene realizando en los segmentos de menores ingresos y de ingresos medios\u201d, advirtieron desde el Ministerio de&nbsp;<strong>Energ\u00eda&nbsp;<\/strong>y Ambiente.<\/p>\n\n\n\n<p>\u201cEl Valor Agregado de Distribuci\u00f3n (VAD), componente provincial de la\u00a0<strong>tarifa\u00a0<\/strong>de luz, hoy no sufre ning\u00fan impacto con las variaciones del\u00a0<strong>d\u00f3lar\u00a0<\/strong>porque se actualiza solamente por \u00edndices\u201d, explicaron t\u00e9cnicamente.<\/p>\n\n\n\n<p><strong>Fuente: www.diariouno.com.ar<\/strong><\/p>\n","protected":false},"excerpt":{"rendered":"<p>El tema del d\u00eda, que ha dominado la agenda pol\u00edtica y econ\u00f3mica de la Argentina ha sido\u00a0el fin del\u00a0cepo.\u00a0Y al respecto tambi\u00e9n opin\u00f3 el gobernador de Mendoza,\u00a0Alfredo Cornejo.\u00a0Para \u00e9l, la medida es positiva, aunque como lo dicho en numerosas oportunidades, es necesario que se estabilice la macroeconom\u00eda nacional. En un alto de la recorrida por [&hellip;]<\/p>\n","protected":false},"author":2,"featured_media":12486,"comment_status":"open","ping_status":"open","sticky":false,"template":"","format":"standard","meta":[],"categories":[47],"tags":[],"_links":{"self":[{"href":"https:\/\/pasaenmendoza.com\/index.php?rest_route=\/wp\/v2\/posts\/12485"}],"collection":[{"href":"https:\/\/pasaenmendoza.com\/index.php?rest_route=\/wp\/v2\/posts"}],"about":[{"href":"https:\/\/pasaenmendoza.com\/index.php?rest_route=\/wp\/v2\/types\/post"}],"author":[{"embeddable":true,"href":"https:\/\/pasaenmendoza.com\/index.php?rest_route=\/wp\/v2\/users\/2"}],"replies":[{"embeddable":true,"href":"https:\/\/pasaenmendoza.com\/index.php?rest_route=%2Fwp%2Fv2%2Fcomments&post=12485"}],"version-history":[{"count":1,"href":"https:\/\/pasaenmendoza.com\/index.php?rest_route=\/wp\/v2\/posts\/12485\/revisions"}],"predecessor-version":[{"id":12487,"href":"https:\/\/pasaenmendoza.com\/index.php?rest_route=\/wp\/v2\/posts\/12485\/revisions\/12487"}],"wp:featuredmedia":[{"embeddable":true,"href":"https:\/\/pasaenmendoza.com\/index.php?rest_route=\/wp\/v2\/media\/12486"}],"wp:attachment":[{"href":"https:\/\/pasaenmendoza.com\/index.php?rest_route=%2Fwp%2Fv2%2Fmedia&parent=12485"}],"wp:term":[{"taxonomy":"category","embeddable":true,"href":"https:\/\/pasaenmendoza.com\/index.php?rest_route=%2Fwp%2Fv2%2Fcategories&post=12485"},{"taxonomy":"post_tag","embeddable":true,"href":"https:\/\/pasaenmendoza.com\/index.php?rest_route=%2Fwp%2Fv2%2Ftags&post=12485"}],"curies":[{"name":"wp","href":"https:\/\/api.w.org\/{rel}","templated":true}]}}