{"id":12498,"date":"2025-04-15T15:27:21","date_gmt":"2025-04-15T13:27:21","guid":{"rendered":"https:\/\/pasaenmendoza.com\/?p=12498"},"modified":"2025-04-15T15:27:22","modified_gmt":"2025-04-15T13:27:22","slug":"el-tiempo-en-mendoza-para-este-martes-baja-la-temperatura-y-se-esperan-lluvias-aisladas","status":"publish","type":"post","link":"https:\/\/pasaenmendoza.com\/?p=12498","title":{"rendered":"El tiempo en Mendoza para este martes: baja la temperatura y se esperan lluvias aisladas"},"content":{"rendered":"\n<p>La&nbsp;<strong>temperatura m\u00e1xima<\/strong>&nbsp;para este martes descender\u00e1 bastante respecto al lunes: ser\u00e1 de unos&nbsp;<strong>18 grados cent\u00edgrados<\/strong>, mientras que&nbsp;<strong>la m\u00ednima apenas alcanzar\u00e1 los 13 grados<\/strong>&nbsp;cent\u00edgrados.<\/p>\n\n\n\n<p>El pron\u00f3stico de la&nbsp;<strong>Direcci\u00f3n de Contingencias Clim\u00e1ticas<\/strong>&nbsp;adelant\u00f3 que estar\u00e1 \u201c<em>mayormente nublado y ventoso, vientos moderados del sector sur, descenso de la temperatura<\/em>\u201c.<\/p>\n\n\n\n<p>Por otro lado, se esperan \u201c<em>precipitaciones aisladas en las primeras horas<\/em>\u201c.<\/p>\n\n\n\n<p>Para los que viajen o vuelvan desde Chile: \u201c<em>Poco nuboso en cordillera<\/em>\u201c.<\/p>\n\n\n\n<h2 class=\"wp-block-heading\" id=\"h-alerta-por-tormentas-para-la-noche-del-lunes\">Alerta por tormentas para la noche del lunes<\/h2>\n\n\n\n<p>Para lo que queda del lunes, el&nbsp;<strong>Servicio Meteorol\u00f3gico Nacional&nbsp;<\/strong>lanz\u00f3 un<strong>&nbsp;alerta en nivel amarillo para General Alvear y la zona baja de San Rafael.<\/strong><\/p>\n\n\n\n<p>Esto implica: \u201c<em>El \u00e1rea ser\u00e1 afectada por\u00a0<strong>tormentas aisladas<\/strong>, algunas localmente fuertes. Las mismas podr\u00edan estar acompa\u00f1adas por\u00a0<strong>intensa actividad el\u00e9ctrica, abundante ca\u00edda de agua en cortos per\u00edodos, granizo y r\u00e1fagas<\/strong>. Se prev\u00e9n valores de precipitaci\u00f3n acumulada entre 15 y 30 mil\u00edmetros, que pueden ser superados en forma puntual<\/em>\u201c.<\/p>\n\n\n\n<p><strong>Fuente: www.elsol.com.ar<\/strong><\/p>\n","protected":false},"excerpt":{"rendered":"<p>La&nbsp;temperatura m\u00e1xima&nbsp;para este martes descender\u00e1 bastante respecto al lunes: ser\u00e1 de unos&nbsp;18 grados cent\u00edgrados, mientras que&nbsp;la m\u00ednima apenas alcanzar\u00e1 los 13 grados&nbsp;cent\u00edgrados. El pron\u00f3stico de la&nbsp;Direcci\u00f3n de Contingencias Clim\u00e1ticas&nbsp;adelant\u00f3 que estar\u00e1 \u201cmayormente nublado y ventoso, vientos moderados del sector sur, descenso de la temperatura\u201c. Por otro lado, se esperan \u201cprecipitaciones aisladas en las primeras horas\u201c. [&hellip;]<\/p>\n","protected":false},"author":2,"featured_media":12499,"comment_status":"open","ping_status":"open","sticky":false,"template":"","format":"standard","meta":[],"categories":[52],"tags":[],"_links":{"self":[{"href":"https:\/\/pasaenmendoza.com\/index.php?rest_route=\/wp\/v2\/posts\/12498"}],"collection":[{"href":"https:\/\/pasaenmendoza.com\/index.php?rest_route=\/wp\/v2\/posts"}],"about":[{"href":"https:\/\/pasaenmendoza.com\/index.php?rest_route=\/wp\/v2\/types\/post"}],"author":[{"embeddable":true,"href":"https:\/\/pasaenmendoza.com\/index.php?rest_route=\/wp\/v2\/users\/2"}],"replies":[{"embeddable":true,"href":"https:\/\/pasaenmendoza.com\/index.php?rest_route=%2Fwp%2Fv2%2Fcomments&post=12498"}],"version-history":[{"count":1,"href":"https:\/\/pasaenmendoza.com\/index.php?rest_route=\/wp\/v2\/posts\/12498\/revisions"}],"predecessor-version":[{"id":12500,"href":"https:\/\/pasaenmendoza.com\/index.php?rest_route=\/wp\/v2\/posts\/12498\/revisions\/12500"}],"wp:featuredmedia":[{"embeddable":true,"href":"https:\/\/pasaenmendoza.com\/index.php?rest_route=\/wp\/v2\/media\/12499"}],"wp:attachment":[{"href":"https:\/\/pasaenmendoza.com\/index.php?rest_route=%2Fwp%2Fv2%2Fmedia&parent=12498"}],"wp:term":[{"taxonomy":"category","embeddable":true,"href":"https:\/\/pasaenmendoza.com\/index.php?rest_route=%2Fwp%2Fv2%2Fcategories&post=12498"},{"taxonomy":"post_tag","embeddable":true,"href":"https:\/\/pasaenmendoza.com\/index.php?rest_route=%2Fwp%2Fv2%2Ftags&post=12498"}],"curies":[{"name":"wp","href":"https:\/\/api.w.org\/{rel}","templated":true}]}}