{"id":12506,"date":"2025-04-15T15:49:08","date_gmt":"2025-04-15T13:49:08","guid":{"rendered":"https:\/\/pasaenmendoza.com\/?p=12506"},"modified":"2025-04-15T15:49:08","modified_gmt":"2025-04-15T13:49:08","slug":"capturaron-al-monstruo-de-las-heras-el-hombre-acusado-de-violar-a-tres-sobrinos-y-a-una-joven-estudiante","status":"publish","type":"post","link":"https:\/\/pasaenmendoza.com\/?p=12506","title":{"rendered":"Capturaron al \u201cMonstruo de Las Heras\u201d, el hombre acusado de violar a tres sobrinos y a una joven estudiante"},"content":{"rendered":"\n<p>Efectivos de Investigaciones lograron detener este martes por la ma\u00f1ana a&nbsp;<strong>V\u00edctor An\u00edbal Rodr\u00edguez<\/strong>, el hombre de 50 a\u00f1os que permanec\u00eda pr\u00f3fugo tras ser acusado del secuestro y abuso sexual de una joven universitaria de 20 a\u00f1os en El Borboll\u00f3n, Las Heras. El sospechoso fue encontrado oculto en una vivienda ubicada en un callej\u00f3n Rivas, luego de un destacado operativo de la&nbsp;<strong>Divisi\u00f3n Delitos contra la Integridad Sexual&nbsp;<\/strong>que se desarroll\u00f3 en las \u00faltimas horas.<\/p>\n\n\n\n<p>Rodr\u00edguez ya contaba con un pedido de captura vigente desde noviembre de 2024, acusado de haber abusado sexualmente de tres sobrinos menores de edad, a quienes habr\u00eda sometido en reiteradas oportunidades. A pesar de la orden judicial,\u00a0<strong>hab\u00eda logrado evadir a las autoridades durante meses, cambiando constantemente de domicilio y refugi\u00e1ndose en casas de conocidos para evitar ser localizado.<\/strong><\/p>\n\n\n\n<p>El nuevo episodio que precipit\u00f3 su captura ocurri\u00f3 hace poco m\u00e1s de una semana, cuando la v\u00edctima, una estudiante de la&nbsp;<strong>Universidad Nacional de Cuyo<\/strong>, fue interceptada al descender del colectivo mientras regresaba a su hogar despu\u00e9s de clases.<\/p>\n\n\n\n<p>Seg\u00fan la denuncia, Rodr\u00edguez fingi\u00f3 necesitar ayuda para atraerla y, al aproximarse la joven, la agredi\u00f3 f\u00edsicamente, sujet\u00e1ndola del cuello para arrastrarla hasta una vivienda alquilada en calle San Ram\u00f3n, donde la mantuvo cautiva durante varias horas.<\/p>\n\n\n\n<p><strong>La madre de la joven report\u00f3 que su hija no hab\u00eda llegado a casa<\/strong>. Vecinos y familiares se sumaron a los rastrillajes que movilizaron a todo el barrio durante la tarde del lunes.<br>El testimonio de la v\u00edctima, recabado por la Unidad Fiscal de Delitos contra la Integridad Sexual a cargo del fiscal Gonzalo Marzal, revel\u00f3 detalles perturbadores del cautiverio.<\/p>\n\n\n\n<p>La joven declar\u00f3 que fue amenazada con un cuchillo y abusada sexualmente. Adem\u00e1s, relat\u00f3 un inquietante detalle: el agresor le habr\u00eda colocado\u00a0<strong><em>\u201cuna especie de botones\u201d\u00a0<\/em><\/strong>adheridos con pegamento en los ojos.<\/p>\n\n\n\n<p>La estudiante consigui\u00f3 manipular psicol\u00f3gicamente a su captor, aprovechando un momento de vulnerabilidad emocional cuando este mencion\u00f3 la reciente muerte de su padre. Mediante s\u00faplicas logr\u00f3 convencerlo de que la liberara, argumentando que su familia estar\u00eda desesperada busc\u00e1ndola.<\/p>\n\n\n\n<p>Rodr\u00edguez accedi\u00f3 a llevarla hasta un descampado cercano a una cancha de f\u00fatbol de una uni\u00f3n vecinal, momento que ella aprovech\u00f3 para escapar y pedir ayuda.<\/p>\n\n\n\n<p>Tras activarse el protocolo para casos de abuso, la joven fue trasladada al Cuerpo M\u00e9dico Forense donde recibi\u00f3 atenci\u00f3n m\u00e9dica y contenci\u00f3n psicol\u00f3gica por parte de un equipo interdisciplinario. Paralelamente,\u00a0<strong>las autoridades intensificaron la b\u00fasqueda del acusado, concentrando los esfuerzos en la zona de San Ram\u00f3n\u00a0<\/strong>donde hab\u00eda sido visto por \u00faltima vez.<\/p>\n\n\n\n<p>La detenci\u00f3n se produjo en medio de un clima de alta tensi\u00f3n social en Las Heras, luego que vecinos indignados intentaron acercarse a la propiedad donde se sospechaba que Rodr\u00edguez se ocultaba, situaci\u00f3n que requiri\u00f3 la intervenci\u00f3n de efectivos de Infanter\u00eda para evitar disturbios. Los habitantes del sector hab\u00edan organizado una vigilia en apoyo a la v\u00edctima y exigiendo justicia e intentaron prender fuego el domicilio donde Rodr\u00edguez pernoctaba, lo que aument\u00f3 la presi\u00f3n para concretar la captura.<\/p>\n\n\n\n<p>Confirmada la captura, el fiscal Gonzalo Marzal iba a acumular todas las causas para ampliar la imputaci\u00f3n contra Rodr\u00edguez para incluir el delito de privaci\u00f3n ileg\u00edtima de la libertad o rapto, sumado a los cargos por abuso sexual con acceso carnal.<\/p>\n\n\n\n<p><strong>Fuente: www.elsol.com.ar<\/strong><\/p>\n","protected":false},"excerpt":{"rendered":"<p>Efectivos de Investigaciones lograron detener este martes por la ma\u00f1ana a&nbsp;V\u00edctor An\u00edbal Rodr\u00edguez, el hombre de 50 a\u00f1os que permanec\u00eda pr\u00f3fugo tras ser acusado del secuestro y abuso sexual de una joven universitaria de 20 a\u00f1os en El Borboll\u00f3n, Las Heras. El sospechoso fue encontrado oculto en una vivienda ubicada en un callej\u00f3n Rivas, luego [&hellip;]<\/p>\n","protected":false},"author":2,"featured_media":12507,"comment_status":"open","ping_status":"open","sticky":false,"template":"","format":"standard","meta":[],"categories":[48],"tags":[],"_links":{"self":[{"href":"https:\/\/pasaenmendoza.com\/index.php?rest_route=\/wp\/v2\/posts\/12506"}],"collection":[{"href":"https:\/\/pasaenmendoza.com\/index.php?rest_route=\/wp\/v2\/posts"}],"about":[{"href":"https:\/\/pasaenmendoza.com\/index.php?rest_route=\/wp\/v2\/types\/post"}],"author":[{"embeddable":true,"href":"https:\/\/pasaenmendoza.com\/index.php?rest_route=\/wp\/v2\/users\/2"}],"replies":[{"embeddable":true,"href":"https:\/\/pasaenmendoza.com\/index.php?rest_route=%2Fwp%2Fv2%2Fcomments&post=12506"}],"version-history":[{"count":1,"href":"https:\/\/pasaenmendoza.com\/index.php?rest_route=\/wp\/v2\/posts\/12506\/revisions"}],"predecessor-version":[{"id":12508,"href":"https:\/\/pasaenmendoza.com\/index.php?rest_route=\/wp\/v2\/posts\/12506\/revisions\/12508"}],"wp:featuredmedia":[{"embeddable":true,"href":"https:\/\/pasaenmendoza.com\/index.php?rest_route=\/wp\/v2\/media\/12507"}],"wp:attachment":[{"href":"https:\/\/pasaenmendoza.com\/index.php?rest_route=%2Fwp%2Fv2%2Fmedia&parent=12506"}],"wp:term":[{"taxonomy":"category","embeddable":true,"href":"https:\/\/pasaenmendoza.com\/index.php?rest_route=%2Fwp%2Fv2%2Fcategories&post=12506"},{"taxonomy":"post_tag","embeddable":true,"href":"https:\/\/pasaenmendoza.com\/index.php?rest_route=%2Fwp%2Fv2%2Ftags&post=12506"}],"curies":[{"name":"wp","href":"https:\/\/api.w.org\/{rel}","templated":true}]}}