{"id":12509,"date":"2025-04-15T21:49:16","date_gmt":"2025-04-15T19:49:16","guid":{"rendered":"https:\/\/pasaenmendoza.com\/?p=12509"},"modified":"2025-04-15T21:49:17","modified_gmt":"2025-04-15T19:49:17","slug":"el-descargo-del-intendente-de-tunuyan-tras-el-incidente-con-el-cristo-del-manzano-historico","status":"publish","type":"post","link":"https:\/\/pasaenmendoza.com\/?p=12509","title":{"rendered":"El descargo del intendente de Tunuy\u00e1n tras el incidente con el Cristo del Manzano Hist\u00f3rico"},"content":{"rendered":"\n<p>El intendente de\u00a0<strong>Tunuy\u00e1n<\/strong>,\u00a0<strong>Emir Andraos,<\/strong>\u00a0anunci\u00f3 a trav\u00e9s de las redes sociales que la imagen del\u00a0Cristo en el Manzano Hist\u00f3rico\u00a0ser\u00e1 reemplazada en los pr\u00f3ximos d\u00edas, luego del incidente del fin de semana, en el cual precipit\u00f3 la anterior escultura de madera. Andraos estim\u00f3 que los trabajos finalizar\u00e1n para\u00a0<strong>Semana Santa.<\/strong><\/p>\n\n\n\n<p><strong>Andraos<\/strong>&nbsp;detall\u00f3 que se va a sustituir la estatua por una que fue realizada por un artista local y la anterior ser\u00e1 entregada a las autoridades religiosas.<\/p>\n\n\n\n<p>&#8220;En relaci\u00f3n con los hechos ocurridos con la imagen del Cristo ubicada en la rotonda del\u00a0<strong>Manzano Hist\u00f3rico<\/strong>, deseo informar a la comunidad que el pasado 12 de marzo mantuve una reuni\u00f3n con el Padre Federico Lucca, en el marco de la organizaci\u00f3n de las actividades por\u00a0<strong>Semana Santa<\/strong>. En dicho encuentro, y tras haber sido informado del avanzado estado de deterioro que presentaba la imagen \u2014con riesgo de ca\u00edda inminente\u2014, coincidimos en la necesidad de proceder con su reemplazo con urgencia&#8221;, detall\u00f3 en un posteo del Instagram de la Municipalidad.<\/p>\n\n\n\n<p>Andraos dej\u00f3 en claro que cada acci\u00f3n cont\u00f3 con el&nbsp;<strong>aval&nbsp;<\/strong>de las autoridades religiosas: &#8220;A partir de ese momento, y en di\u00e1logo tambi\u00e9n con el Padre Pablo Pereyra, iniciamos el proceso de recambio de la imagen con el aval de la&nbsp;<strong>Iglesia.<\/strong>&nbsp;La nueva escultura fue encargada al artista Kisy Pinto, siguiendo los criterios acordados con los p\u00e1rrocos locales&#8221;.<\/p>\n\n\n\n<p>&#8220;Durante las tareas de remoci\u00f3n de la antigua imagen, y de manera imprevista, el brazo mec\u00e1nico que la sosten\u00eda cedi\u00f3, provocando su ca\u00edda. Afortunadamente<strong>, no hubo personas heridas<\/strong>\u00a0ni da\u00f1os mayores que lamentar. Resuelto el inconveniente, los trabajos continuaron con normalidad y est\u00e1 previsto que en el transcurso de\u00a0<strong>esta semana se instale la nueva imagen<\/strong>. La escultura anterior ser\u00e1 entregada a las autoridades de la iglesia para que definan su destino final&#8221;, continu\u00f3 Andraos.<\/p>\n\n\n\n<p>Tambi\u00e9n asegur\u00f3: &#8220;Quiero compartirles que hoy me reun\u00ed con los integrantes del Movimiento de Cursillo de Cristiandad, gestores de la obra del Cristo de la Hermandad, quienes, comprendiendo el estado en que se encontraba la escultura, avalaron la gesti\u00f3n de&nbsp;<strong>reemplazo&nbsp;<\/strong>y manifestaron su disposici\u00f3n a colaborar con la restauraci\u00f3n que llevar\u00e1 adelante el municipio&#8221;.<\/p>\n\n\n\n<p>Por \u00faltimo, el intendente se quej\u00f3 de las versiones que circularon respecto del incidente del s\u00e1bado en la tarde, en el que precipit\u00f3 el\u00a0<strong>Cristo<\/strong>, al momento de su remoci\u00f3n.<\/p>\n\n\n\n<p>&#8220;Lamentamos profundamente que, en un momento que requiere prudencia y respeto, algunos elijan desinformar o tergiversar los hechos, hiriendo sensibilidades en una comunidad profundamente creyente&#8221;, concluy\u00f3.<\/p>\n\n\n\n<p><strong>Fuente: www.diariouno.com.ar<\/strong><\/p>\n","protected":false},"excerpt":{"rendered":"<p>El intendente de\u00a0Tunuy\u00e1n,\u00a0Emir Andraos,\u00a0anunci\u00f3 a trav\u00e9s de las redes sociales que la imagen del\u00a0Cristo en el Manzano Hist\u00f3rico\u00a0ser\u00e1 reemplazada en los pr\u00f3ximos d\u00edas, luego del incidente del fin de semana, en el cual precipit\u00f3 la anterior escultura de madera. Andraos estim\u00f3 que los trabajos finalizar\u00e1n para\u00a0Semana Santa. Andraos&nbsp;detall\u00f3 que se va a sustituir la estatua [&hellip;]<\/p>\n","protected":false},"author":2,"featured_media":12510,"comment_status":"open","ping_status":"open","sticky":false,"template":"","format":"standard","meta":[],"categories":[47],"tags":[],"_links":{"self":[{"href":"https:\/\/pasaenmendoza.com\/index.php?rest_route=\/wp\/v2\/posts\/12509"}],"collection":[{"href":"https:\/\/pasaenmendoza.com\/index.php?rest_route=\/wp\/v2\/posts"}],"about":[{"href":"https:\/\/pasaenmendoza.com\/index.php?rest_route=\/wp\/v2\/types\/post"}],"author":[{"embeddable":true,"href":"https:\/\/pasaenmendoza.com\/index.php?rest_route=\/wp\/v2\/users\/2"}],"replies":[{"embeddable":true,"href":"https:\/\/pasaenmendoza.com\/index.php?rest_route=%2Fwp%2Fv2%2Fcomments&post=12509"}],"version-history":[{"count":1,"href":"https:\/\/pasaenmendoza.com\/index.php?rest_route=\/wp\/v2\/posts\/12509\/revisions"}],"predecessor-version":[{"id":12511,"href":"https:\/\/pasaenmendoza.com\/index.php?rest_route=\/wp\/v2\/posts\/12509\/revisions\/12511"}],"wp:featuredmedia":[{"embeddable":true,"href":"https:\/\/pasaenmendoza.com\/index.php?rest_route=\/wp\/v2\/media\/12510"}],"wp:attachment":[{"href":"https:\/\/pasaenmendoza.com\/index.php?rest_route=%2Fwp%2Fv2%2Fmedia&parent=12509"}],"wp:term":[{"taxonomy":"category","embeddable":true,"href":"https:\/\/pasaenmendoza.com\/index.php?rest_route=%2Fwp%2Fv2%2Fcategories&post=12509"},{"taxonomy":"post_tag","embeddable":true,"href":"https:\/\/pasaenmendoza.com\/index.php?rest_route=%2Fwp%2Fv2%2Ftags&post=12509"}],"curies":[{"name":"wp","href":"https:\/\/api.w.org\/{rel}","templated":true}]}}