{"id":12513,"date":"2025-04-16T00:31:20","date_gmt":"2025-04-15T22:31:20","guid":{"rendered":"https:\/\/pasaenmendoza.com\/?p=12513"},"modified":"2025-04-16T00:31:21","modified_gmt":"2025-04-15T22:31:21","slug":"la-detencion-del-monstruo-de-las-heras-donde-se-escondia-y-las-imputaciones-por-cuatro-hechos","status":"publish","type":"post","link":"https:\/\/pasaenmendoza.com\/?p=12513","title":{"rendered":"La detenci\u00f3n del \u201cMonstruo de Las Heras\u201d: d\u00f3nde se escond\u00eda y las imputaciones por cuatro hechos"},"content":{"rendered":"\n<p><strong>V\u00edctor An\u00edbal Rodr\u00edguez<\/strong>, el hombre bautizado como el&nbsp;<em>\u201cMonstruo de Las Heras\u201d,&nbsp;<\/em>enfrentar\u00e1 una dura imputaci\u00f3n por parte del Ministerio P\u00fablico Fiscal luego de ser capturado este martes por la ma\u00f1ana tras casi cinco meses de fuga y luego de que se potenciara su b\u00fasqueda ante una nueva denuncia por abuso sexual en su contra.<\/p>\n\n\n\n<p>El fiscal Gonzalo Marzal, de la Unidad Fiscal de Delitos contra la Integridad Sexual, avanzar\u00e1 en las pr\u00f3ximas horas con\u00a0<strong>una acusaci\u00f3n que unificar\u00e1 tres expedientes que lo tienen como principal apuntando<\/strong>, con un total de cuatro v\u00edctimas, todas mujeres, y una de ellas, una joven estudiante universitaria de 20 a\u00f1os, tal como revel\u00f3<em><strong>\u00a0El Sol<\/strong><\/em>.<\/p>\n\n\n\n<p>Seg\u00fan confirmaron fuentes judiciales,&nbsp;<strong>Marzal acumular\u00e1 las causas e imputar\u00e1 a Rodr\u00edguez prima facie por los delitos de abuso sexual simple y gravemente ultrajante en perjuicio de tres sobrinas menores de edad, y por abuso sexual con acceso carnal agravado por el uso de armas<\/strong>, en el caso m\u00e1s reciente, ocurrido el lunes de la semana pasada en una vivienda precaria de calle San Ram\u00f3n, en el distrito de El Borboll\u00f3n.<\/p>\n\n\n\n<p>Ese \u00faltimo episodio fue el que provoc\u00f3 una fuerte reacci\u00f3n social y posterior detenci\u00f3n este martes por la ma\u00f1ana en Las Heras, despu\u00e9s de que una hermana tomara conocimiento por vecinos que el hombre estaba durmiendo cerca de su domicilio.<\/p>\n\n\n\n<p>La primera denuncia, que ahora concentra el fiscal Marzal, se inici\u00f3 en noviembre del a\u00f1o pasado, cuando la cu\u00f1ada de Rodr\u00edguez hizo una presentaci\u00f3n a trav\u00e9s de la Oficina Fiscal Virtual.&nbsp;<strong>La mujer asegur\u00f3 que sus dos hijas menores de 10 a\u00f1os&nbsp;<\/strong>hab\u00edan sido abusadas por el sospechoso en una casa del callej\u00f3n Rivas, en el barrio Luz y Fuerza de El Algarrobal, donde resid\u00eda el acusado hasta ese momento.<\/p>\n\n\n\n<p>Posteriormente, la mujer fue citada por el fiscal Dar\u00edo Nora y ampli\u00f3 su denuncia con detalles de los ataques sufridos por las ni\u00f1as.<\/p>\n\n\n\n<p>A ese caso se sum\u00f3 poco despu\u00e9s el relato de una tercera v\u00edctima, tambi\u00e9n sobrina del acusado, quien&nbsp;<strong>revel\u00f3 ante una trabajadora social que hab\u00eda sido v\u00edctima de tocamientos por parte de Rodr\u00edguez entre los 12 y 13 a\u00f1os<\/strong>. La joven, actualmente de 17, fue entrevistada por personal del Ministerio P\u00fablico y su testimonio deriv\u00f3 en la apertura de un nuevo expediente que fue anexado a los dos anteriores.<\/p>\n\n\n\n<p>A pesar de que la Justicia orden\u00f3 su detenci\u00f3n a mediados de noviembre, Rodr\u00edguez logr\u00f3 eludir a los investigadores. Se fug\u00f3 apenas tom\u00f3 conocimiento de las primeras acusaciones en su contra y desapareci\u00f3 de los lugares que sol\u00eda frecuentar.<\/p>\n\n\n\n<p>Durante meses,&nbsp;<strong>la Unidad Investigativa Departamental y la Divisi\u00f3n de Delitos contra la Integridad Sexual&nbsp;<\/strong>realizaron operativos en zonas rurales y urbanas de un par de departamentos del Gran Mendoza, sin \u00e9xito.<\/p>\n\n\n\n<p>En paralelo, contrat\u00f3 a un abogado defensor que a fines del a\u00f1o pasado intent\u00f3 tramitar un mantenimiento de libertad. El pedido fue rechazado por el fiscal Nora, quien entendi\u00f3 que el riesgo de fuga ya era evidente.<\/p>\n\n\n\n<p>La situaci\u00f3n cambi\u00f3 dr\u00e1sticamente con el ataque que sufri\u00f3 una joven universitaria el lunes 7 de este mes.&nbsp;<strong>La v\u00edctima, de 20 a\u00f1os, relat\u00f3 que fue interceptada por Rodr\u00edguez cuando regresaba a su casa tras cursar en la UNCuyo<\/strong>. El agresor fingi\u00f3 necesitar ayuda y, al acercarse, la tom\u00f3 del cuello y la arrastr\u00f3 hasta una vivienda precaria que alquilaba desde hac\u00eda algunos meses en El Borboll\u00f3n. All\u00ed, durante varias horas, la mantuvo cautiva, la amenaz\u00f3 con un cuchillo y la someti\u00f3 a abusos sexuales con acceso carnal.<\/p>\n\n\n\n<p>El relato de la v\u00edctima tuvo detalles escalofriantes:\u00a0<strong>cont\u00f3 que Rodr\u00edguez le coloc\u00f3 pegamento con botones en los ojos\u00a0<\/strong>y que, en un momento de vulnerabilidad emocional, ella logr\u00f3 manipularlo psicol\u00f3gicamente al recordarle la reciente muerte de su padre.<\/p>\n\n\n\n<p>Con esa estrategia, lo convenci\u00f3 de dejarla libre, argumentando que su familia la buscaba desesperadamente. El acusado accedi\u00f3 y la abandon\u00f3 en un descampado, cerca de una cancha de f\u00fatbol.&nbsp;<strong>La joven huy\u00f3 y logr\u00f3 regresar a su domicilio pasadas las 20 del citado d\u00eda<\/strong>, donde narr\u00f3 entre l\u00e1grimas el calvario vivido.<\/p>\n\n\n\n<p>El caso provoc\u00f3 conmoci\u00f3n en la zona donde se produjo el hecho. La joven universitaria fue asistida por un equipo interdisciplinario y recibi\u00f3 atenci\u00f3n m\u00e9dica y psicol\u00f3gica. El fiscal Marzal orden\u00f3 la aplicaci\u00f3n del protocolo para v\u00edctimas de abuso sexual y se inici\u00f3 un amplio operativo para dar con el sospechoso.<\/p>\n\n\n\n<p>Finalmente,&nbsp;<strong>Rodr\u00edguez fue detenido este martes en el mismo callej\u00f3n Rivas donde hab\u00eda residido hasta que comenzaron las denuncias<\/strong>. Se encontraba oculto en cercan\u00edas del domicilio de su madre. Testigos llamaron al 911 y polic\u00edas de Investigaciones lo capturaron. Al momento del arresto no ofreci\u00f3 resistencia.<\/p>\n\n\n\n<p>Ante la consulta de este diario, fuentes judiciales revelaron que los expedientes ya iniciados no est\u00e1n divididos: Marzal, quien subrogaba a su par Mar\u00eda de las Mercedes Moya, asumi\u00f3 la investigaci\u00f3n completa y analizaba la imputaci\u00f3n formal de Rodr\u00edguez por los cuatro casos.<\/p>\n\n\n\n<h2 class=\"wp-block-heading\" id=\"h-lo-tenian-cercado-desde-hacia-dias\">Lo ten\u00edan cercado desde hac\u00eda d\u00edas<\/h2>\n\n\n\n<p>Fuentes policiales y judiciales informaron que Rodr\u00edguez estuvo durmiendo en la calle y movi\u00e9ndose principalmente por La Pega, en Lavalle, y tambi\u00e9n cerca de la zona donde finalmente lo atraparon.<\/p>\n\n\n\n<p>El sujeto habr\u00eda aprovechado su conocimiento del territorio para ocultarse, manteni\u00e9ndose siempre cerca del domicilio de su madre, donde residi\u00f3 hasta que comenzaron las denuncias en su contra; y tambi\u00e9n hacia el norte de\u00a0<strong>El Algarrobal y El Borboll\u00f3n<\/strong>, por ruta 40, en viviendas en construcci\u00f3n o semi abandonadas.<\/p>\n\n\n\n<p>Efectivos de la\u00a0<strong>Comisar\u00eda 56\u00aa\u00a0<\/strong>hab\u00edan realizado diversos trabajos en el sector y hasta hab\u00edan ubicado uno de los sectores (una vivienda en construcci\u00f3n) donde aparentemente se escond\u00eda.<\/p>\n\n\n\n<p>Los investigadores contaron que Rodr\u00edguez sobrevivi\u00f3 despu\u00e9s de las primeras denuncias realizando trabajos informales, principalmente como&nbsp;<em>\u201ctrapito\u201d&nbsp;<\/em>en la zona de calle Mitre de Las Heras y haciendo&nbsp;<em>\u201cchangas\u201d&nbsp;<\/em>en Guaymall\u00e9n, siempre movi\u00e9ndose con cautela y evitando lugares p\u00fablicos donde pudiera ser reconocido.<\/p>\n\n\n\n<p>El an\u00e1lisis de sus antecedentes revel\u00f3 un historial criminal que se extiende por d\u00e9cadas. Las fuentes confirmaron que fue investigado por delitos contra la propiedad y hurtos, adem\u00e1s de una causa por abuso deshonesto que data de 1995.<\/p>\n\n\n\n<p><strong>Fuente: www.elsol.com.ar<\/strong><\/p>\n","protected":false},"excerpt":{"rendered":"<p>V\u00edctor An\u00edbal Rodr\u00edguez, el hombre bautizado como el&nbsp;\u201cMonstruo de Las Heras\u201d,&nbsp;enfrentar\u00e1 una dura imputaci\u00f3n por parte del Ministerio P\u00fablico Fiscal luego de ser capturado este martes por la ma\u00f1ana tras casi cinco meses de fuga y luego de que se potenciara su b\u00fasqueda ante una nueva denuncia por abuso sexual en su contra. El fiscal [&hellip;]<\/p>\n","protected":false},"author":2,"featured_media":12514,"comment_status":"open","ping_status":"open","sticky":false,"template":"","format":"standard","meta":[],"categories":[48],"tags":[],"_links":{"self":[{"href":"https:\/\/pasaenmendoza.com\/index.php?rest_route=\/wp\/v2\/posts\/12513"}],"collection":[{"href":"https:\/\/pasaenmendoza.com\/index.php?rest_route=\/wp\/v2\/posts"}],"about":[{"href":"https:\/\/pasaenmendoza.com\/index.php?rest_route=\/wp\/v2\/types\/post"}],"author":[{"embeddable":true,"href":"https:\/\/pasaenmendoza.com\/index.php?rest_route=\/wp\/v2\/users\/2"}],"replies":[{"embeddable":true,"href":"https:\/\/pasaenmendoza.com\/index.php?rest_route=%2Fwp%2Fv2%2Fcomments&post=12513"}],"version-history":[{"count":1,"href":"https:\/\/pasaenmendoza.com\/index.php?rest_route=\/wp\/v2\/posts\/12513\/revisions"}],"predecessor-version":[{"id":12515,"href":"https:\/\/pasaenmendoza.com\/index.php?rest_route=\/wp\/v2\/posts\/12513\/revisions\/12515"}],"wp:featuredmedia":[{"embeddable":true,"href":"https:\/\/pasaenmendoza.com\/index.php?rest_route=\/wp\/v2\/media\/12514"}],"wp:attachment":[{"href":"https:\/\/pasaenmendoza.com\/index.php?rest_route=%2Fwp%2Fv2%2Fmedia&parent=12513"}],"wp:term":[{"taxonomy":"category","embeddable":true,"href":"https:\/\/pasaenmendoza.com\/index.php?rest_route=%2Fwp%2Fv2%2Fcategories&post=12513"},{"taxonomy":"post_tag","embeddable":true,"href":"https:\/\/pasaenmendoza.com\/index.php?rest_route=%2Fwp%2Fv2%2Ftags&post=12513"}],"curies":[{"name":"wp","href":"https:\/\/api.w.org\/{rel}","templated":true}]}}