{"id":12522,"date":"2025-04-16T01:54:41","date_gmt":"2025-04-15T23:54:41","guid":{"rendered":"https:\/\/pasaenmendoza.com\/?p=12522"},"modified":"2025-04-16T01:54:42","modified_gmt":"2025-04-15T23:54:42","slug":"la-emocion-del-gato-oldra-tras-confirmar-su-salida-de-godoy-cruz-es-la-decision-mas-dificil-de-mi-vida","status":"publish","type":"post","link":"https:\/\/pasaenmendoza.com\/?p=12522","title":{"rendered":"La emoci\u00f3n del Gato Oldr\u00e1 tras confirmar su salida de Godoy Cruz: &#8220;Es la decisi\u00f3n m\u00e1s dif\u00edcil de mi vida&#8221;"},"content":{"rendered":"\n<p>Es el final. El\u00a0<strong>Gato Oldr\u00e1<\/strong>\u00a0hizo oficial su salida de\u00a0<strong>Godoy Cruz<\/strong>, el club que lo vio crecer como jugador, entrenador y persona. El v\u00ednculo de amor llega a su fin tras m\u00e1s de 25 a\u00f1os de una entrega absoluta.<\/p>\n\n\n\n<p><strong>Daniel Oldr\u00e1<\/strong>\u00a0confirm\u00f3 que ser\u00e1 el nuevo entrenador de Instituto de C\u00f3rdoba tras la salida de Pedro Troglio como DT. Acompa\u00f1ado por Nelson Ib\u00e1nez y Nicol\u00e1s Olmedo, el Gato comenzar\u00e1 una nueva etapa en la que el tiempo dir\u00e1 si es un adi\u00f3s o un hasta pronto.<\/p>\n\n\n\n<p>&#8220;Es la decisi\u00f3n m\u00e1s dif\u00edcil de mi vida&#8221;, dijo entre l\u00e1grimas el arquitecto de sue\u00f1os en las inferiores de la gran cantera con la que actualmente cuenta\u00a0<strong>Godoy Cruz<\/strong>. &#8220;El club hoy est\u00e1 bien y siento que no me necesita. El d\u00eda que me necesite, seguramente volver\u00e9 a estar&#8221;.<\/p>\n\n\n\n<p>El\u00a0<strong>Gato Oldr\u00e1<\/strong>, uno de los\u00a0<em>H\u00e9roes del Barro<\/em>\u00a0en 1994, quedar\u00e1 siempre impreso en las part\u00edculas del hincha de\u00a0<strong>Godoy Cruz<\/strong>. Y en su historia tambi\u00e9n. Por aquel glorioso ascenso y por la incasable dedicaci\u00f3n como jugador, entrenador y m\u00e1nager del club de sus amores que lo vio crecer y dedicarse cada d\u00eda a construir un Tomba mejor, de calidad.<\/p>\n\n\n\n<p>&#8220;Para m\u00ed es un lindo desaf\u00edo. Ahora tengo que dirigir con la cabeza, siempre dirig\u00ed mi club con la cabeza y el coraz\u00f3n&#8221;, confes\u00f3 el surgido en la casa bodeguera.<\/p>\n\n\n\n<p>Al hincha<strong>\u00a0Oldr\u00e1<\/strong>\u00a0le dedic\u00f3 un p\u00e1rrafo particular, siempre agradeciendo el constante apoyo recibido por representar con orgullo la esencia tombina. &#8220;Al hincha le pido que me entienda esta decisi\u00f3n. Me llevo en el coraz\u00f3n esta camiseta. Con\u00a0<strong>Godoy Cruz<\/strong>\u00a0tengo un sentimiento que no va a cambiar nadie. Agradezco a la gente el cari\u00f1o que siempre ha tenido conmigo&#8221;.<\/p>\n\n\n\n<p><strong>Oldr\u00e1<\/strong>, muy querido tambi\u00e9n en el \u00e1mbito mendocino en general, dej\u00f3 tambi\u00e9n un mensaje para aquellos hinchas y jugadores que hoy militan en el f\u00fatbol provincial. &#8220;Sigan luchando, crean en ustedes. Los dirigentes tienen que creer en los chicos de Mendoza, crean en nuestro f\u00fatbol&#8221;.<\/p>\n\n\n\n<p>&#8220;El destino dir\u00e1 si me va bien o me va mal. Hoy es lo que me toca hacer. Con la dirigencia de<strong>\u00a0Godoy Cruz<\/strong>\u00a0me voy totalmente agradecido porque ellos me formaron y confiaron en m\u00ed. Se termina porque son muchos a\u00f1os y el club hoy est\u00e1 bien y es un momento para que yo me vaya tranquilo&#8221;, concluy\u00f3\u00a0<strong>Daniel Oldr\u00e1<\/strong>\u00a0en el episodio final -al menos por ahora- de un amor que fue, es y ser\u00e1 para toda la vida.<\/p>\n\n\n\n<p><strong>Fuente: www.diariouno.com.ar<\/strong><\/p>\n","protected":false},"excerpt":{"rendered":"<p>Es el final. El\u00a0Gato Oldr\u00e1\u00a0hizo oficial su salida de\u00a0Godoy Cruz, el club que lo vio crecer como jugador, entrenador y persona. El v\u00ednculo de amor llega a su fin tras m\u00e1s de 25 a\u00f1os de una entrega absoluta. Daniel Oldr\u00e1\u00a0confirm\u00f3 que ser\u00e1 el nuevo entrenador de Instituto de C\u00f3rdoba tras la salida de Pedro Troglio [&hellip;]<\/p>\n","protected":false},"author":2,"featured_media":12523,"comment_status":"open","ping_status":"open","sticky":false,"template":"","format":"standard","meta":[],"categories":[81],"tags":[],"_links":{"self":[{"href":"https:\/\/pasaenmendoza.com\/index.php?rest_route=\/wp\/v2\/posts\/12522"}],"collection":[{"href":"https:\/\/pasaenmendoza.com\/index.php?rest_route=\/wp\/v2\/posts"}],"about":[{"href":"https:\/\/pasaenmendoza.com\/index.php?rest_route=\/wp\/v2\/types\/post"}],"author":[{"embeddable":true,"href":"https:\/\/pasaenmendoza.com\/index.php?rest_route=\/wp\/v2\/users\/2"}],"replies":[{"embeddable":true,"href":"https:\/\/pasaenmendoza.com\/index.php?rest_route=%2Fwp%2Fv2%2Fcomments&post=12522"}],"version-history":[{"count":1,"href":"https:\/\/pasaenmendoza.com\/index.php?rest_route=\/wp\/v2\/posts\/12522\/revisions"}],"predecessor-version":[{"id":12524,"href":"https:\/\/pasaenmendoza.com\/index.php?rest_route=\/wp\/v2\/posts\/12522\/revisions\/12524"}],"wp:featuredmedia":[{"embeddable":true,"href":"https:\/\/pasaenmendoza.com\/index.php?rest_route=\/wp\/v2\/media\/12523"}],"wp:attachment":[{"href":"https:\/\/pasaenmendoza.com\/index.php?rest_route=%2Fwp%2Fv2%2Fmedia&parent=12522"}],"wp:term":[{"taxonomy":"category","embeddable":true,"href":"https:\/\/pasaenmendoza.com\/index.php?rest_route=%2Fwp%2Fv2%2Fcategories&post=12522"},{"taxonomy":"post_tag","embeddable":true,"href":"https:\/\/pasaenmendoza.com\/index.php?rest_route=%2Fwp%2Fv2%2Ftags&post=12522"}],"curies":[{"name":"wp","href":"https:\/\/api.w.org\/{rel}","templated":true}]}}