{"id":12525,"date":"2025-04-16T15:43:02","date_gmt":"2025-04-16T13:43:02","guid":{"rendered":"https:\/\/pasaenmendoza.com\/?p=12525"},"modified":"2025-04-16T15:43:03","modified_gmt":"2025-04-16T13:43:03","slug":"el-tiempo-en-mendoza-miercoles-algo-nublado-y-con-ascenso-de-la-temperatura","status":"publish","type":"post","link":"https:\/\/pasaenmendoza.com\/?p=12525","title":{"rendered":"El tiempo en Mendoza: mi\u00e9rcoles algo nublado y con ascenso de la temperatura"},"content":{"rendered":"\n<p>El&nbsp;<strong>mi\u00e9rcoles<\/strong>&nbsp;arranc\u00f3 algo nublado con ascenso de la temperatura y vientos leves del sudeste. Poco nuboso en cordillera.&nbsp;<strong>La m\u00ednima ser\u00e1 de 11 grados y la m\u00e1xima de 24.<\/strong><\/p>\n\n\n\n<p>Para el&nbsp;<strong>Jueves Santo<\/strong>, la Direcci\u00f3n de Contingencias Clim\u00e1ticas indica: \u201cParcialmente nublado con ascenso de la temperatura, vientos leves del sudeste\u201d.&nbsp;<strong>La m\u00ednima ser\u00e1 de 13 grados y la m\u00e1xima llegar\u00e1 a los 25.<\/strong><\/p>\n\n\n\n<p>En tanto, para el\u00a0<strong>Viernes Santo<\/strong>\u00a0se pronostica \u201ccielo mayormente nublado con descenso de la temperatura, vientos moderados del sector sur\u201d.\u00a0<strong>La m\u00ednima ser\u00e1 de 14 grados y la m\u00e1xima de 17.<\/strong><\/p>\n\n\n\n<p><strong>Fuente: www.elsol.com.ar<\/strong><\/p>\n","protected":false},"excerpt":{"rendered":"<p>El&nbsp;mi\u00e9rcoles&nbsp;arranc\u00f3 algo nublado con ascenso de la temperatura y vientos leves del sudeste. Poco nuboso en cordillera.&nbsp;La m\u00ednima ser\u00e1 de 11 grados y la m\u00e1xima de 24. Para el&nbsp;Jueves Santo, la Direcci\u00f3n de Contingencias Clim\u00e1ticas indica: \u201cParcialmente nublado con ascenso de la temperatura, vientos leves del sudeste\u201d.&nbsp;La m\u00ednima ser\u00e1 de 13 grados y la m\u00e1xima [&hellip;]<\/p>\n","protected":false},"author":2,"featured_media":12526,"comment_status":"open","ping_status":"open","sticky":false,"template":"","format":"standard","meta":[],"categories":[52],"tags":[],"_links":{"self":[{"href":"https:\/\/pasaenmendoza.com\/index.php?rest_route=\/wp\/v2\/posts\/12525"}],"collection":[{"href":"https:\/\/pasaenmendoza.com\/index.php?rest_route=\/wp\/v2\/posts"}],"about":[{"href":"https:\/\/pasaenmendoza.com\/index.php?rest_route=\/wp\/v2\/types\/post"}],"author":[{"embeddable":true,"href":"https:\/\/pasaenmendoza.com\/index.php?rest_route=\/wp\/v2\/users\/2"}],"replies":[{"embeddable":true,"href":"https:\/\/pasaenmendoza.com\/index.php?rest_route=%2Fwp%2Fv2%2Fcomments&post=12525"}],"version-history":[{"count":1,"href":"https:\/\/pasaenmendoza.com\/index.php?rest_route=\/wp\/v2\/posts\/12525\/revisions"}],"predecessor-version":[{"id":12527,"href":"https:\/\/pasaenmendoza.com\/index.php?rest_route=\/wp\/v2\/posts\/12525\/revisions\/12527"}],"wp:featuredmedia":[{"embeddable":true,"href":"https:\/\/pasaenmendoza.com\/index.php?rest_route=\/wp\/v2\/media\/12526"}],"wp:attachment":[{"href":"https:\/\/pasaenmendoza.com\/index.php?rest_route=%2Fwp%2Fv2%2Fmedia&parent=12525"}],"wp:term":[{"taxonomy":"category","embeddable":true,"href":"https:\/\/pasaenmendoza.com\/index.php?rest_route=%2Fwp%2Fv2%2Fcategories&post=12525"},{"taxonomy":"post_tag","embeddable":true,"href":"https:\/\/pasaenmendoza.com\/index.php?rest_route=%2Fwp%2Fv2%2Ftags&post=12525"}],"curies":[{"name":"wp","href":"https:\/\/api.w.org\/{rel}","templated":true}]}}