{"id":12528,"date":"2025-04-16T15:57:37","date_gmt":"2025-04-16T13:57:37","guid":{"rendered":"https:\/\/pasaenmendoza.com\/?p=12528"},"modified":"2025-04-16T15:57:38","modified_gmt":"2025-04-16T13:57:38","slug":"semana-santa-en-mendoza-asi-funcionaran-los-comercios-y-el-transporte-publico","status":"publish","type":"post","link":"https:\/\/pasaenmendoza.com\/?p=12528","title":{"rendered":"Semana Santa en Mendoza: as\u00ed funcionar\u00e1n los comercios y el transporte p\u00fablico"},"content":{"rendered":"\n<p>Se viene un fin de semana largo por&nbsp;<strong>Semana Santa<\/strong>&nbsp;y&nbsp;<strong>el normal funcionamiento de los comercios del centro y del transporte p\u00fablico se ver\u00e1n afectados.<\/strong><\/p>\n\n\n\n<p>De acuerdo con lo manifestado por las autoridades de la C\u00e1mara Empresaria de Comercio, Industria, Turismo y Servicios de la Ciudad de Mendoza (CECITyS),&nbsp;<strong>tanto el Jueves Santo como el s\u00e1bado los comercios atender\u00e1n con absoluta normalidad.<\/strong><\/p>\n\n\n\n<p>En tanto, el\u00a0<strong>Viernes Santo,\u00a0<\/strong>los locales permanecer\u00e1n\u00a0<strong>cerrados<\/strong>, respetando el feriado religioso.<\/p>\n\n\n\n<p>En tanto, desde la Secretar\u00eda de Transporte de Mendoza informaron que el&nbsp;<strong>Jueves Santo, el horario de circulaci\u00f3n de los micros ser\u00e1 como d\u00eda s\u00e1bado, y el Viernes Santo, las unidades trabajar\u00e1n como feriado.<\/strong><\/p>\n\n\n\n<h2 class=\"wp-block-heading\" id=\"h-desvio-de-transito-por-actividades-en-el-calvario\">Desv\u00edo de tr\u00e1nsito por actividades en el Calvario<\/h2>\n\n\n\n<p>La zona del\u00a0<strong>Calvario\u00a0<\/strong>es un punto de referencia durante la Semana Santa, con diversas actividades religiosas. Por ello, se implementar\u00e1n cortes de tr\u00e1nsito desde las 12 del jueves hasta las 21 del viernes.<\/p>\n\n\n\n<p>La interrupci\u00f3n vehicular ser\u00e1 en calle\u00a0<strong>La Pampa, entre Perito Moreno y Cervantes. Y en Cervantes, desde Baigorria hasta La Carrodilla.<\/strong><\/p>\n\n\n\n<p>Adem\u00e1s, estar\u00e1n interrumpidas<strong>\u00a0La Carrodilla, San Alberto, Mariano Moreno y Soldado Baigorria, entre Morales y Cervantes.\u00a0<\/strong><\/p>\n\n\n\n<p><strong>Fuente: www.elsol.com.ar<\/strong><\/p>\n","protected":false},"excerpt":{"rendered":"<p>Se viene un fin de semana largo por&nbsp;Semana Santa&nbsp;y&nbsp;el normal funcionamiento de los comercios del centro y del transporte p\u00fablico se ver\u00e1n afectados. De acuerdo con lo manifestado por las autoridades de la C\u00e1mara Empresaria de Comercio, Industria, Turismo y Servicios de la Ciudad de Mendoza (CECITyS),&nbsp;tanto el Jueves Santo como el s\u00e1bado los comercios [&hellip;]<\/p>\n","protected":false},"author":2,"featured_media":12529,"comment_status":"open","ping_status":"open","sticky":false,"template":"","format":"standard","meta":[],"categories":[50],"tags":[],"_links":{"self":[{"href":"https:\/\/pasaenmendoza.com\/index.php?rest_route=\/wp\/v2\/posts\/12528"}],"collection":[{"href":"https:\/\/pasaenmendoza.com\/index.php?rest_route=\/wp\/v2\/posts"}],"about":[{"href":"https:\/\/pasaenmendoza.com\/index.php?rest_route=\/wp\/v2\/types\/post"}],"author":[{"embeddable":true,"href":"https:\/\/pasaenmendoza.com\/index.php?rest_route=\/wp\/v2\/users\/2"}],"replies":[{"embeddable":true,"href":"https:\/\/pasaenmendoza.com\/index.php?rest_route=%2Fwp%2Fv2%2Fcomments&post=12528"}],"version-history":[{"count":1,"href":"https:\/\/pasaenmendoza.com\/index.php?rest_route=\/wp\/v2\/posts\/12528\/revisions"}],"predecessor-version":[{"id":12530,"href":"https:\/\/pasaenmendoza.com\/index.php?rest_route=\/wp\/v2\/posts\/12528\/revisions\/12530"}],"wp:featuredmedia":[{"embeddable":true,"href":"https:\/\/pasaenmendoza.com\/index.php?rest_route=\/wp\/v2\/media\/12529"}],"wp:attachment":[{"href":"https:\/\/pasaenmendoza.com\/index.php?rest_route=%2Fwp%2Fv2%2Fmedia&parent=12528"}],"wp:term":[{"taxonomy":"category","embeddable":true,"href":"https:\/\/pasaenmendoza.com\/index.php?rest_route=%2Fwp%2Fv2%2Fcategories&post=12528"},{"taxonomy":"post_tag","embeddable":true,"href":"https:\/\/pasaenmendoza.com\/index.php?rest_route=%2Fwp%2Fv2%2Ftags&post=12528"}],"curies":[{"name":"wp","href":"https:\/\/api.w.org\/{rel}","templated":true}]}}