{"id":12531,"date":"2025-04-16T16:06:30","date_gmt":"2025-04-16T14:06:30","guid":{"rendered":"https:\/\/pasaenmendoza.com\/?p=12531"},"modified":"2025-04-16T16:06:31","modified_gmt":"2025-04-16T14:06:31","slug":"un-policia-mendocino-choco-un-patrullero-y-debera-hacerse-cargo-del-arreglo","status":"publish","type":"post","link":"https:\/\/pasaenmendoza.com\/?p=12531","title":{"rendered":"Un polic\u00eda mendocino choc\u00f3 un patrullero y deber\u00e1 hacerse cargo del arreglo"},"content":{"rendered":"\n<p>Un&nbsp;<strong>polic\u00eda<\/strong>&nbsp;mendocino que protagoniz\u00f3 un&nbsp;<strong>accidente<\/strong>&nbsp;cuando manejaba un&nbsp;<strong>patrullero<\/strong>&nbsp;deber\u00e1 pagar los costos del arreglo, seg\u00fan confirm\u00f3 el Gobierno provincial.&nbsp;<\/p>\n\n\n\n<p>El sancionado es el Auxiliar 1\u00b0<strong>&nbsp;Juan Jes\u00fas Alberto L\u00f3pez<\/strong>, que hab\u00eda presentado un recurso para evitar hacerse cargo del gasto, pero la solicitud fue rechazada por Asesor\u00eda de Gobierno.<\/p>\n\n\n\n<p>El accidente en cuesti\u00f3n ocurri\u00f3 en 2022. El peritaje realizado por la Polic\u00eda Cient\u00edfica determin\u00f3 que\u00a0<strong>el patrullero hab\u00eda quedado destruido<\/strong>, seg\u00fan indica el texto oficial dado a conocer este mi\u00e9rcoles.<\/p>\n\n\n\n<p>L\u00f3pez hab\u00eda apelado la decisi\u00f3n inicial de la Direcci\u00f3n General de Administraci\u00f3n del Ministerio de Seguridad, que en aquel entonces lo hab\u00eda intimado a pagar por el siniestro. Sin embargo, tanto el Ministerio de Seguridad y Justicia como la Asesor\u00eda de Gobierno coincidieron en rechazar el reclamo del polic\u00eda.<\/p>\n\n\n\n<p>El gobernador\u00a0Alfredo Cornejo\u00a0firm\u00f3 el decreto que confirma la medida. Ahora, si el polic\u00eda quiere continuar el reclamo, podr\u00e1 hacerlo por la v\u00eda judicial a trav\u00e9s de una acci\u00f3n procesal administrativa, dentro de los 30 d\u00edas corridos desde que reciba la notificaci\u00f3n.<\/p>\n\n\n\n<p><strong>Fuente: www.mendozapost.com<\/strong><\/p>\n","protected":false},"excerpt":{"rendered":"<p>Un&nbsp;polic\u00eda&nbsp;mendocino que protagoniz\u00f3 un&nbsp;accidente&nbsp;cuando manejaba un&nbsp;patrullero&nbsp;deber\u00e1 pagar los costos del arreglo, seg\u00fan confirm\u00f3 el Gobierno provincial.&nbsp; El sancionado es el Auxiliar 1\u00b0&nbsp;Juan Jes\u00fas Alberto L\u00f3pez, que hab\u00eda presentado un recurso para evitar hacerse cargo del gasto, pero la solicitud fue rechazada por Asesor\u00eda de Gobierno. El accidente en cuesti\u00f3n ocurri\u00f3 en 2022. El peritaje realizado [&hellip;]<\/p>\n","protected":false},"author":2,"featured_media":12532,"comment_status":"open","ping_status":"open","sticky":false,"template":"","format":"standard","meta":[],"categories":[48],"tags":[],"_links":{"self":[{"href":"https:\/\/pasaenmendoza.com\/index.php?rest_route=\/wp\/v2\/posts\/12531"}],"collection":[{"href":"https:\/\/pasaenmendoza.com\/index.php?rest_route=\/wp\/v2\/posts"}],"about":[{"href":"https:\/\/pasaenmendoza.com\/index.php?rest_route=\/wp\/v2\/types\/post"}],"author":[{"embeddable":true,"href":"https:\/\/pasaenmendoza.com\/index.php?rest_route=\/wp\/v2\/users\/2"}],"replies":[{"embeddable":true,"href":"https:\/\/pasaenmendoza.com\/index.php?rest_route=%2Fwp%2Fv2%2Fcomments&post=12531"}],"version-history":[{"count":1,"href":"https:\/\/pasaenmendoza.com\/index.php?rest_route=\/wp\/v2\/posts\/12531\/revisions"}],"predecessor-version":[{"id":12533,"href":"https:\/\/pasaenmendoza.com\/index.php?rest_route=\/wp\/v2\/posts\/12531\/revisions\/12533"}],"wp:featuredmedia":[{"embeddable":true,"href":"https:\/\/pasaenmendoza.com\/index.php?rest_route=\/wp\/v2\/media\/12532"}],"wp:attachment":[{"href":"https:\/\/pasaenmendoza.com\/index.php?rest_route=%2Fwp%2Fv2%2Fmedia&parent=12531"}],"wp:term":[{"taxonomy":"category","embeddable":true,"href":"https:\/\/pasaenmendoza.com\/index.php?rest_route=%2Fwp%2Fv2%2Fcategories&post=12531"},{"taxonomy":"post_tag","embeddable":true,"href":"https:\/\/pasaenmendoza.com\/index.php?rest_route=%2Fwp%2Fv2%2Ftags&post=12531"}],"curies":[{"name":"wp","href":"https:\/\/api.w.org\/{rel}","templated":true}]}}