{"id":12538,"date":"2025-04-16T23:58:31","date_gmt":"2025-04-16T21:58:31","guid":{"rendered":"https:\/\/pasaenmendoza.com\/?p=12538"},"modified":"2025-04-16T23:58:32","modified_gmt":"2025-04-16T21:58:32","slug":"latorre-anuncio-la-obligatoriedad-de-reportar-la-huella-de-carbono-para-grandes-generadores-de-gases","status":"publish","type":"post","link":"https:\/\/pasaenmendoza.com\/?p=12538","title":{"rendered":"Latorre anunci\u00f3 la obligatoriedad de reportar la huella de carbono para grandes generadores de gases"},"content":{"rendered":"\n<p>La ministra de Energ\u00eda y Ambiente,\u00a0<strong>Jimena Latorre,\u00a0<\/strong>anunci\u00f3 este mi\u00e9rcoles que Mendoza estableci\u00f3 la obligatoriedad, a partir de este 2025, la obligatoriedad para reportar y gestionar las emisiones de<strong>\u00a0gases\u00a0<\/strong>de<strong>\u00a0efecto invernadero<\/strong>\u00a0(GEI) para empresas y organizaciones con alto impacto en sectores productivos, industriales y de servicios, en pos de mitigar el\u00a0cambio clim\u00e1tico.<\/p>\n\n\n\n<p>La normativa alcanza a actividades de mediana y gran escala pertenecientes a los sectores<strong>&nbsp;industrial<\/strong>,<em>&nbsp;energ\u00e9tico<\/em>, de&nbsp;<strong>transporte<\/strong>, agropecuario, de servicios y residuos.<\/p>\n\n\n\n<p>La normativa impone que deber\u00e1n\u00a0<strong>reportar<\/strong>\u00a0anualmente sus emisiones de manera digital, a trav\u00e9s de una plataforma oficial, utilizando metodolog\u00edas reconocidas a nivel global, como las del IPCC (<em>Intergovernmental Panel on Climate Change<\/em>), el GHG (<em>Greenhouse Gas Protocol<\/em>) y la norma ISO 14064, entre otras.<\/p>\n\n\n\n<p>El sistema se enfocar\u00e1 en el\u00a0reporte de emisiones\u00a0de alcance 1 y 2 (directas e indirectas), mientras que el reporte de emisiones de alcance 3 ser\u00e1 optativo. Adem\u00e1s, se prev\u00e9 la elaboraci\u00f3n de planes de reducci\u00f3n a corto y largo plazo, con validaci\u00f3n t\u00e9cnica y auditor\u00edas aleatorias.<\/p>\n\n\n\n<h2 class=\"wp-block-heading\">Acciones contra el cambio clim\u00e1tico<\/h2>\n\n\n\n<p>Esta pol\u00edtica permitir\u00e1 actualizar la l\u00ednea de base de emisiones provinciales, consolidar un inventario provincial unificado y facilitar el acceso a instrumentos de<strong>&nbsp;financiamiento clim\u00e1tico<\/strong>&nbsp;y planificaci\u00f3n ambiental.<\/p>\n\n\n\n<p>\u201cMedir es el primer paso para transformar. Esta pol\u00edtica nos permite mejorar la&nbsp;<strong>trazabilidad<\/strong>, generar incentivos concretos y consolidar una Mendoza m\u00e1s transparente, resiliente y competitiva frente al cambio clim\u00e1tico\u201d, explic\u00f3 Angel de Cicco, director de Transici\u00f3n Energ\u00e9tica del Ministerio de Energ\u00eda y Ambiente.<\/p>\n\n\n\n<p>El decreto incluye:<\/p>\n\n\n\n<ul>\n<li>Reportes anuales obligatorios por&nbsp;<strong>declaraci\u00f3n jurada<\/strong>&nbsp;digital.<\/li>\n\n\n\n<li><strong>Segmentaci\u00f3n<\/strong>&nbsp;por sectores y municipios.<\/li>\n\n\n\n<li><strong>Validaci\u00f3n t\u00e9cnica&nbsp;<\/strong>y auditor\u00edas aleatorias.<\/li>\n\n\n\n<li>Planes de r<strong>educci\u00f3n de emisiones<\/strong>.<\/li>\n\n\n\n<li>Articulaci\u00f3n con pol\u00edticas existentes: residuos&nbsp;<strong>s\u00f3lidos urbanos,<\/strong>&nbsp;eficiencia energ\u00e9tica, diversificaci\u00f3n de la matriz energ\u00e9tica.<\/li>\n<\/ul>\n\n\n\n<p>Con esta iniciativa, Mendoza se posiciona entre las\u00a0<strong>primeras provincias argentinas<\/strong>\u00a0en contar con un sistema propio de gesti\u00f3n de emisiones, en l\u00ednea con los compromisos clim\u00e1ticos nacionales e internacionales, y con una gesti\u00f3n integral de sostenibilidad que incluye emisiones, residuos y reciclaje.<\/p>\n\n\n\n<p><strong>Fuente: www.diariouno.com.ar<\/strong><\/p>\n","protected":false},"excerpt":{"rendered":"<p>La ministra de Energ\u00eda y Ambiente,\u00a0Jimena Latorre,\u00a0anunci\u00f3 este mi\u00e9rcoles que Mendoza estableci\u00f3 la obligatoriedad, a partir de este 2025, la obligatoriedad para reportar y gestionar las emisiones de\u00a0gases\u00a0de\u00a0efecto invernadero\u00a0(GEI) para empresas y organizaciones con alto impacto en sectores productivos, industriales y de servicios, en pos de mitigar el\u00a0cambio clim\u00e1tico. La normativa alcanza a actividades de [&hellip;]<\/p>\n","protected":false},"author":2,"featured_media":12539,"comment_status":"open","ping_status":"open","sticky":false,"template":"","format":"standard","meta":[],"categories":[47],"tags":[],"_links":{"self":[{"href":"https:\/\/pasaenmendoza.com\/index.php?rest_route=\/wp\/v2\/posts\/12538"}],"collection":[{"href":"https:\/\/pasaenmendoza.com\/index.php?rest_route=\/wp\/v2\/posts"}],"about":[{"href":"https:\/\/pasaenmendoza.com\/index.php?rest_route=\/wp\/v2\/types\/post"}],"author":[{"embeddable":true,"href":"https:\/\/pasaenmendoza.com\/index.php?rest_route=\/wp\/v2\/users\/2"}],"replies":[{"embeddable":true,"href":"https:\/\/pasaenmendoza.com\/index.php?rest_route=%2Fwp%2Fv2%2Fcomments&post=12538"}],"version-history":[{"count":1,"href":"https:\/\/pasaenmendoza.com\/index.php?rest_route=\/wp\/v2\/posts\/12538\/revisions"}],"predecessor-version":[{"id":12540,"href":"https:\/\/pasaenmendoza.com\/index.php?rest_route=\/wp\/v2\/posts\/12538\/revisions\/12540"}],"wp:featuredmedia":[{"embeddable":true,"href":"https:\/\/pasaenmendoza.com\/index.php?rest_route=\/wp\/v2\/media\/12539"}],"wp:attachment":[{"href":"https:\/\/pasaenmendoza.com\/index.php?rest_route=%2Fwp%2Fv2%2Fmedia&parent=12538"}],"wp:term":[{"taxonomy":"category","embeddable":true,"href":"https:\/\/pasaenmendoza.com\/index.php?rest_route=%2Fwp%2Fv2%2Fcategories&post=12538"},{"taxonomy":"post_tag","embeddable":true,"href":"https:\/\/pasaenmendoza.com\/index.php?rest_route=%2Fwp%2Fv2%2Ftags&post=12538"}],"curies":[{"name":"wp","href":"https:\/\/api.w.org\/{rel}","templated":true}]}}