{"id":12547,"date":"2025-04-17T00:18:39","date_gmt":"2025-04-16T22:18:39","guid":{"rendered":"https:\/\/pasaenmendoza.com\/?p=12547"},"modified":"2025-04-17T00:18:39","modified_gmt":"2025-04-16T22:18:39","slug":"capacitaron-a-docentes-y-estudiantes-mendocinos-en-inteligencia-artificial","status":"publish","type":"post","link":"https:\/\/pasaenmendoza.com\/?p=12547","title":{"rendered":"Capacitaron a docentes y estudiantes mendocinos en inteligencia artificial"},"content":{"rendered":"\n<p>En sinton\u00eda con los avances tecnol\u00f3gicos funcionales para la educaci\u00f3n, la\u00a0<strong>Direcci\u00f3n General de Escuelas<\/strong>, a trav\u00e9s de la Direcci\u00f3n de Educaci\u00f3n Privada, present\u00f3 este mi\u00e9rcoles la Capacitaci\u00f3n en Entornos Virtuales,\u00a0<strong>taller presencial dirigido a docentes<\/strong>\u00a0mendocinos de colegios de la modalidad sobre la optimizaci\u00f3n del uso de la\u00a0<strong>inteligencia artificial<\/strong>.<\/p>\n\n\n\n<p>El encuentro se realiz\u00f3 en el\u00a0<strong>Colegio Coraz\u00f3n de Mar\u00eda,<\/strong>\u00a0de\u00a0<strong>Capital<\/strong>, y cont\u00f3 con la presencia de la titular de Educaci\u00f3n Privada, Cecilia P\u00e1ez; la directora del Instituto de Capacitaci\u00f3n de la Uni\u00f3n Docentes Argentinos (UDA), Laura Forn\u00e9s; el capacitador en inteligencia artificial Dar\u00edo Reynoso; el director del Nivel Secundario de la instituci\u00f3n, Marcelo Lucero, equipo directivo y docentes de la instituci\u00f3n capitalina.<\/p>\n\n\n\n<p>En relaci\u00f3n con la actividad, Cecilia P\u00e1ez coment\u00f3 que \u201cen el marco de la relaci\u00f3n que venimos estableciendo con la UDA desde el a\u00f1o pasado, donde hicimos una capacitaci\u00f3n para docentes que super\u00f3 las expectativas, como no pudimos cubrir con la demanda de los docentes para conocer la inteligencia artificial, este a\u00f1o planificamos un taller para alumnos de colegios privados. En este caso, el profesor Dar\u00edo Reynoso se encuentra ahora con los alumnos, hablando espec\u00edficamente de las IA y para qu\u00e9 nos sirve cada una, porque el buen uso de las IA puede resultar una buena estrategia para la educaci\u00f3n\u201d.<\/p>\n\n\n\n<p>En el transcurso de la ma\u00f1ana del mi\u00e9rcoles, seg\u00fan afirm\u00f3 la titular de Educaci\u00f3n Privada, el 80% de los presentes trabaj\u00f3 con alguna IA. \u201cEste taller presencial tambi\u00e9n tiene una parte dirigida a los docentes de esta instituci\u00f3n que ha sido elegida para poder evaluar la propuesta, ajustarla y ofrecerla despu\u00e9s a otros colegios privados de la provincia\u201d, declar\u00f3 P\u00e1ez.<\/p>\n\n\n\n<p>Laura Forn\u00e9s, directora del Instituto de Capacitaci\u00f3n de la UDA, expres\u00f3: \u201cDado que la IA lleg\u00f3 para quedarse, esta capacitaci\u00f3n es muy importante para nosotros. Nuestro objetivo es traerles, tanto a los alumnos como a los docentes, una herramienta fundamental para el proceso de ense\u00f1anza y aprendizaje\u201d.<\/p>\n\n\n\n<h3 class=\"wp-block-heading\"><strong>Sobre la capacitaci\u00f3n<\/strong><\/h3>\n\n\n\n<p>El taller es dictado por el profesor de IA Dar\u00edo Reynoso, quien ofrece una capacitaci\u00f3n para alumnos y otra para docentes. En el caso del taller para alumnos, tambi\u00e9n se invita a preceptores para que se capaciten a la par de los estudiantes en las horas libres. Durante el proceso, los estudiantes aprenden el uso de las distintas IAs (de texto, gr\u00e1ficas, de video, etc.), como tambi\u00e9n se les ense\u00f1a sobre los pros y los contras de la herramienta, para que puedan desarrollar una actitud cr\u00edtica ante la inteligencia artificial.<\/p>\n\n\n\n<p>Por \u00faltimo, Reynoso comunic\u00f3: \u201cEstamos haciendo una experiencia con chicos de nivel medio, de tercer a\u00f1o del Colegio Coraz\u00f3n de Mar\u00eda, y la idea es trabajar con ellos y hacer hincapi\u00e9 en dos cosas: c\u00f3mo saber que es verdad lo que hacemos, y c\u00f3mo preguntar para que la IA nos responda con acierto o con validez. La idea ser\u00eda adquirir una formaci\u00f3n b\u00e1sica que permita independizarse despu\u00e9s con el uso y entender los rudimentos b\u00e1sicos que permitan trabajar de manera eficiente con la IA, es decir: lograr un individuo aut\u00f3nomo en el uso de la IA\u201d.<\/p>\n\n\n\n<p><strong>Fuente: www.diariomendoza.com.ar<\/strong><\/p>\n","protected":false},"excerpt":{"rendered":"<p>En sinton\u00eda con los avances tecnol\u00f3gicos funcionales para la educaci\u00f3n, la\u00a0Direcci\u00f3n General de Escuelas, a trav\u00e9s de la Direcci\u00f3n de Educaci\u00f3n Privada, present\u00f3 este mi\u00e9rcoles la Capacitaci\u00f3n en Entornos Virtuales,\u00a0taller presencial dirigido a docentes\u00a0mendocinos de colegios de la modalidad sobre la optimizaci\u00f3n del uso de la\u00a0inteligencia artificial. El encuentro se realiz\u00f3 en el\u00a0Colegio Coraz\u00f3n de [&hellip;]<\/p>\n","protected":false},"author":2,"featured_media":12548,"comment_status":"open","ping_status":"open","sticky":false,"template":"","format":"standard","meta":[],"categories":[56],"tags":[],"_links":{"self":[{"href":"https:\/\/pasaenmendoza.com\/index.php?rest_route=\/wp\/v2\/posts\/12547"}],"collection":[{"href":"https:\/\/pasaenmendoza.com\/index.php?rest_route=\/wp\/v2\/posts"}],"about":[{"href":"https:\/\/pasaenmendoza.com\/index.php?rest_route=\/wp\/v2\/types\/post"}],"author":[{"embeddable":true,"href":"https:\/\/pasaenmendoza.com\/index.php?rest_route=\/wp\/v2\/users\/2"}],"replies":[{"embeddable":true,"href":"https:\/\/pasaenmendoza.com\/index.php?rest_route=%2Fwp%2Fv2%2Fcomments&post=12547"}],"version-history":[{"count":1,"href":"https:\/\/pasaenmendoza.com\/index.php?rest_route=\/wp\/v2\/posts\/12547\/revisions"}],"predecessor-version":[{"id":12549,"href":"https:\/\/pasaenmendoza.com\/index.php?rest_route=\/wp\/v2\/posts\/12547\/revisions\/12549"}],"wp:featuredmedia":[{"embeddable":true,"href":"https:\/\/pasaenmendoza.com\/index.php?rest_route=\/wp\/v2\/media\/12548"}],"wp:attachment":[{"href":"https:\/\/pasaenmendoza.com\/index.php?rest_route=%2Fwp%2Fv2%2Fmedia&parent=12547"}],"wp:term":[{"taxonomy":"category","embeddable":true,"href":"https:\/\/pasaenmendoza.com\/index.php?rest_route=%2Fwp%2Fv2%2Fcategories&post=12547"},{"taxonomy":"post_tag","embeddable":true,"href":"https:\/\/pasaenmendoza.com\/index.php?rest_route=%2Fwp%2Fv2%2Ftags&post=12547"}],"curies":[{"name":"wp","href":"https:\/\/api.w.org\/{rel}","templated":true}]}}