{"id":12550,"date":"2025-04-21T22:46:58","date_gmt":"2025-04-21T20:46:58","guid":{"rendered":"https:\/\/pasaenmendoza.com\/?p=12550"},"modified":"2025-04-21T22:46:59","modified_gmt":"2025-04-21T20:46:59","slug":"el-emotivo-mensaje-de-la-iglesia-mendocina-tras-la-muerte-del-papa-francisco","status":"publish","type":"post","link":"https:\/\/pasaenmendoza.com\/?p=12550","title":{"rendered":"El emotivo mensaje de la Iglesia mendocina tras la muerte del papa Francisco"},"content":{"rendered":"\n<p>Este lunes se conoci\u00f3 la triste noticia de la muerte del papa Francisco, a sus 88 a\u00f1os. El Sumo Pont\u00edfice, que estuvo 12 a\u00f1os al frente de la Iglesia Cat\u00f3lica, tuvo su \u00faltima aparici\u00f3n p\u00fablica este domingo, donde particip\u00f3 de la&nbsp;<strong>misa de Pascuas<\/strong>&nbsp;desde el balc\u00f3n de la<strong>&nbsp;bas\u00edlica de San Pedro<\/strong>.<\/p>\n\n\n\n<p>Horas m\u00e1s tarde, el\u00a0<strong>cardenal Kevin Joseph Farrell<\/strong>, Camarlengo de la Iglesia, anunci\u00f3 el fallecimiento de Jorge Bergoglio desde la residencia de Santa Marta, donde viv\u00eda el Sumo Pont\u00edfice.<\/p>\n\n\n\n<p>Entre las numerosas muestras de afecto y dolor tras la partida de Francisco, se expres\u00f3 la Iglesia Cat\u00f3lica de Mendoza.&nbsp;<strong>Marcelo De Benedectis<\/strong>, vocero del Arzobispado en la provincia, lament\u00f3 la muerte del m\u00e1ximo representante de la Santa Sede, pidi\u00f3 rezar y \u201ctomar su mensaje\u201d.<\/p>\n\n\n\n<p>\u201c<em>Junto a la alegr\u00eda de la Pascua del Se\u00f1or Jes\u00fas que celebramos ayer domingo,\u00a0hoy amanecemos con esta noticia de nuestro querido papa Francisco, su retorno a la casa de Dios.\u00a0<strong>Realmente todos lo ve\u00edamos ya muy fr\u00e1gil en su enfermedad,\u00a0pero hasta el \u00faltimo suspiro, ayer mismo dio la bendici\u00f3n a la ciudad y al mundo, pidi\u00f3 mucho por la paz<\/strong><\/em>\u201c, inici\u00f3 De Benedectis.<\/p>\n\n\n\n<p>\u201c<em>Creo que m\u00e1s all\u00e1 de diferencias de pensamiento,&nbsp;nos mueve un sentimiento de afecto, de unidad, de un hombre que busc\u00f3 la paz, busc\u00f3 a los pobres,&nbsp;busc\u00f3 llevar el Evangelio con mucha comprensi\u00f3n en todas las situaciones dif\u00edciles&nbsp;de la persona humana, de la familia humana<\/em>\u201c, agreg\u00f3.<\/p>\n\n\n\n<p>Adem\u00e1s,<strong>&nbsp;pidi\u00f3 \u201crezar con serenidad\u201d y destac\u00f3 que Francisco dej\u00f3 un mensaje de \u201camor, misericordia, compasi\u00f3n y paz\u201d.<\/strong><\/p>\n\n\n\n<p>En cuanto a los\u00a0<strong>actos oficiales\u00a0<\/strong>para conmemorar la partida de Francisco, el vocero del Arzobispado se\u00f1al\u00f3 que cada parroquia celebrar\u00e1 una plegaria, mientras que \u00e9l dar\u00e1 una\u00a0<strong>misa este lunes en Santiago Ap\u00f3stol, a partir de las 19.30<\/strong>.<\/p>\n\n\n\n<p>Adem\u00e1s, la\u00a0<strong>Iglesia de los Jesuitas en Mendoza<\/strong>\u00a0(en Col\u00f3n y San Mart\u00edn al lado del colegio San Luis Gonzaga), estar\u00e1 abierta desde las 9.30 para aquellos fieles que deseen acercarse. Tambi\u00e9n celebrar\u00e1n misas a las 12 y a las 20 de este lunes.<\/p>\n\n\n\n<p><strong>Fuente: www.elsol.com.ar<\/strong><\/p>\n","protected":false},"excerpt":{"rendered":"<p>Este lunes se conoci\u00f3 la triste noticia de la muerte del papa Francisco, a sus 88 a\u00f1os. El Sumo Pont\u00edfice, que estuvo 12 a\u00f1os al frente de la Iglesia Cat\u00f3lica, tuvo su \u00faltima aparici\u00f3n p\u00fablica este domingo, donde particip\u00f3 de la&nbsp;misa de Pascuas&nbsp;desde el balc\u00f3n de la&nbsp;bas\u00edlica de San Pedro. Horas m\u00e1s tarde, el\u00a0cardenal Kevin [&hellip;]<\/p>\n","protected":false},"author":2,"featured_media":12551,"comment_status":"open","ping_status":"open","sticky":false,"template":"","format":"standard","meta":[],"categories":[50],"tags":[],"_links":{"self":[{"href":"https:\/\/pasaenmendoza.com\/index.php?rest_route=\/wp\/v2\/posts\/12550"}],"collection":[{"href":"https:\/\/pasaenmendoza.com\/index.php?rest_route=\/wp\/v2\/posts"}],"about":[{"href":"https:\/\/pasaenmendoza.com\/index.php?rest_route=\/wp\/v2\/types\/post"}],"author":[{"embeddable":true,"href":"https:\/\/pasaenmendoza.com\/index.php?rest_route=\/wp\/v2\/users\/2"}],"replies":[{"embeddable":true,"href":"https:\/\/pasaenmendoza.com\/index.php?rest_route=%2Fwp%2Fv2%2Fcomments&post=12550"}],"version-history":[{"count":1,"href":"https:\/\/pasaenmendoza.com\/index.php?rest_route=\/wp\/v2\/posts\/12550\/revisions"}],"predecessor-version":[{"id":12552,"href":"https:\/\/pasaenmendoza.com\/index.php?rest_route=\/wp\/v2\/posts\/12550\/revisions\/12552"}],"wp:featuredmedia":[{"embeddable":true,"href":"https:\/\/pasaenmendoza.com\/index.php?rest_route=\/wp\/v2\/media\/12551"}],"wp:attachment":[{"href":"https:\/\/pasaenmendoza.com\/index.php?rest_route=%2Fwp%2Fv2%2Fmedia&parent=12550"}],"wp:term":[{"taxonomy":"category","embeddable":true,"href":"https:\/\/pasaenmendoza.com\/index.php?rest_route=%2Fwp%2Fv2%2Fcategories&post=12550"},{"taxonomy":"post_tag","embeddable":true,"href":"https:\/\/pasaenmendoza.com\/index.php?rest_route=%2Fwp%2Fv2%2Ftags&post=12550"}],"curies":[{"name":"wp","href":"https:\/\/api.w.org\/{rel}","templated":true}]}}