{"id":12565,"date":"2025-04-21T23:40:48","date_gmt":"2025-04-21T21:40:48","guid":{"rendered":"https:\/\/pasaenmendoza.com\/?p=12565"},"modified":"2025-04-21T23:40:49","modified_gmt":"2025-04-21T21:40:49","slug":"bermejo-y-otros-diputados-propusieron-renombrar-el-salon-blanco-en-homenaje-al-papa-francisco","status":"publish","type":"post","link":"https:\/\/pasaenmendoza.com\/?p=12565","title":{"rendered":"Bermejo y otros diputados propusieron renombrar el Sal\u00f3n Blanco en homenaje al papa Francisco"},"content":{"rendered":"\n<p>El\u00a0<strong>Sal\u00f3n Blanco<\/strong>\u00a0de la\u00a0<strong>Honorable C\u00e1mara de Diputados de la Naci\u00f3n<\/strong>\u00a0podr\u00eda llevar el nombre de\u00a0<strong>\u201cSal\u00f3n Jorge Mario Bergoglio,\u00a0Papa Francisco\u201d<\/strong>, si avanza el proyecto presentado por el\u00a0<strong>diputado nacional Adolfo Bermejo<\/strong>, acompa\u00f1ado por otros diez legisladores.<\/p>\n\n\n\n<p>Adem\u00e1s de renombrar el espacio, la iniciativa propone instalar un\u00a0<strong>busto<\/strong>\u00a0de Francisco, que pasar\u00e1 a formar parte del\u00a0<strong>patrimonio<\/strong>\u00a0del Congreso.<\/p>\n\n\n\n<p>En los\u00a0<strong>fundamentos<\/strong>\u00a0del proyecto, se destaca que\u00a0<strong>Jorge Mario Bergoglio<\/strong>\u00a0es el primer\u00a0<strong>Pont\u00edfice latinoamericano y argentino<\/strong>\u00a0en la historia de la\u00a0<strong>Iglesia Cat\u00f3lica<\/strong>, y que su figura trasciende lo religioso por su compromiso con el\u00a0<strong>di\u00e1logo interreligioso<\/strong>, la\u00a0<strong>justicia social<\/strong>, la\u00a0<strong>paz<\/strong>\u00a0y el\u00a0<strong>cuidado del ambiente<\/strong>.<\/p>\n\n\n\n<p>\u201cSu legado, basado en la\u00a0<strong>humildad<\/strong>, la\u00a0<strong>cercan\u00eda con los m\u00e1s necesitados<\/strong>\u00a0y la\u00a0<strong>fraternidad universal<\/strong>, constituye un\u00a0<strong>orgullo para el pueblo argentino<\/strong>\u00a0y un\u00a0<strong>faro moral para la humanidad<\/strong>\u201d, se\u00f1alan los autores del texto. Tambi\u00e9n se valor\u00f3 su estilo de vida: su decisi\u00f3n de vivir en la\u00a0<strong>residencia Santa Marta<\/strong>, su rechazo al\u00a0<strong>boato<\/strong>, su elecci\u00f3n de usar\u00a0<strong>calzado com\u00fan<\/strong>\u00a0y su v\u00ednculo permanente con su\u00a0<strong>familia<\/strong>\u00a0y su\u00a0<strong>pa\u00eds<\/strong>.<\/p>\n\n\n\n<p>En el plano institucional, el proyecto subraya que el&nbsp;<strong>pontificado<\/strong>&nbsp;de&nbsp;<strong>Francisco<\/strong>&nbsp;implic\u00f3 una transformaci\u00f3n profunda: promovi\u00f3 la&nbsp;<strong>participaci\u00f3n de los laicos y las mujeres<\/strong>, impuls\u00f3&nbsp;<strong>reformas internas<\/strong>, enfrent\u00f3 los&nbsp;<strong>abusos<\/strong>, y luch\u00f3 por una&nbsp;<strong>Iglesia inclusiva<\/strong>, cercana a los&nbsp;<strong>dolores del mundo<\/strong>.<\/p>\n\n\n\n<p>Finalmente, se argumenta que el&nbsp;<strong>Sal\u00f3n Blanco<\/strong>, espacio de encuentro entre representantes de distintas fuerzas pol\u00edticas, es el \u00e1mbito ideal para honrar su nombre y reafirmar los valores que deben unir al pa\u00eds: el&nbsp;<strong>di\u00e1logo<\/strong>, la&nbsp;<strong>solidaridad<\/strong>, la&nbsp;<strong>justicia<\/strong>, la&nbsp;<strong>paz<\/strong>&nbsp;y la&nbsp;<strong>dignidad humana<\/strong>.<\/p>\n\n\n\n<p>El proyecto fue firmado por\u00a0<strong>Adolfo Bermejo<\/strong>,\u00a0<strong>Liliana Paponet<\/strong>,\u00a0<strong>Mart\u00edn Aveiro<\/strong>,\u00a0<strong>Sabrina Selva<\/strong>,\u00a0<strong>M\u00f3nica Fein<\/strong>,\u00a0<strong>Esteban Paulon<\/strong>,\u00a0<strong>Victoria Tolosa Paz<\/strong>,\u00a0<strong>Marcela Passo<\/strong>\u00a0y\u00a0<strong>Eduardo Vald\u00e9s<\/strong>.<\/p>\n\n\n\n<p><strong>Fuente: www.diariomendoza.com.ar<\/strong><\/p>\n","protected":false},"excerpt":{"rendered":"<p>El\u00a0Sal\u00f3n Blanco\u00a0de la\u00a0Honorable C\u00e1mara de Diputados de la Naci\u00f3n\u00a0podr\u00eda llevar el nombre de\u00a0\u201cSal\u00f3n Jorge Mario Bergoglio,\u00a0Papa Francisco\u201d, si avanza el proyecto presentado por el\u00a0diputado nacional Adolfo Bermejo, acompa\u00f1ado por otros diez legisladores. Adem\u00e1s de renombrar el espacio, la iniciativa propone instalar un\u00a0busto\u00a0de Francisco, que pasar\u00e1 a formar parte del\u00a0patrimonio\u00a0del Congreso. En los\u00a0fundamentos\u00a0del proyecto, se destaca [&hellip;]<\/p>\n","protected":false},"author":2,"featured_media":12567,"comment_status":"open","ping_status":"open","sticky":false,"template":"","format":"standard","meta":[],"categories":[47],"tags":[],"_links":{"self":[{"href":"https:\/\/pasaenmendoza.com\/index.php?rest_route=\/wp\/v2\/posts\/12565"}],"collection":[{"href":"https:\/\/pasaenmendoza.com\/index.php?rest_route=\/wp\/v2\/posts"}],"about":[{"href":"https:\/\/pasaenmendoza.com\/index.php?rest_route=\/wp\/v2\/types\/post"}],"author":[{"embeddable":true,"href":"https:\/\/pasaenmendoza.com\/index.php?rest_route=\/wp\/v2\/users\/2"}],"replies":[{"embeddable":true,"href":"https:\/\/pasaenmendoza.com\/index.php?rest_route=%2Fwp%2Fv2%2Fcomments&post=12565"}],"version-history":[{"count":1,"href":"https:\/\/pasaenmendoza.com\/index.php?rest_route=\/wp\/v2\/posts\/12565\/revisions"}],"predecessor-version":[{"id":12568,"href":"https:\/\/pasaenmendoza.com\/index.php?rest_route=\/wp\/v2\/posts\/12565\/revisions\/12568"}],"wp:featuredmedia":[{"embeddable":true,"href":"https:\/\/pasaenmendoza.com\/index.php?rest_route=\/wp\/v2\/media\/12567"}],"wp:attachment":[{"href":"https:\/\/pasaenmendoza.com\/index.php?rest_route=%2Fwp%2Fv2%2Fmedia&parent=12565"}],"wp:term":[{"taxonomy":"category","embeddable":true,"href":"https:\/\/pasaenmendoza.com\/index.php?rest_route=%2Fwp%2Fv2%2Fcategories&post=12565"},{"taxonomy":"post_tag","embeddable":true,"href":"https:\/\/pasaenmendoza.com\/index.php?rest_route=%2Fwp%2Fv2%2Ftags&post=12565"}],"curies":[{"name":"wp","href":"https:\/\/api.w.org\/{rel}","templated":true}]}}