{"id":12572,"date":"2025-04-22T00:06:23","date_gmt":"2025-04-21T22:06:23","guid":{"rendered":"https:\/\/pasaenmendoza.com\/?p=12572"},"modified":"2025-04-22T00:06:24","modified_gmt":"2025-04-21T22:06:24","slug":"que-hago-para-no-perder-mi-pension-no-contributiva-es-el-clamor-ante-una-auditoria-con-miles-de-bajas","status":"publish","type":"post","link":"https:\/\/pasaenmendoza.com\/?p=12572","title":{"rendered":"Qu\u00e9 hago para no perder mi pensi\u00f3n no contributiva es el clamor ante una auditor\u00eda con miles de bajas"},"content":{"rendered":"\n<p>Son las 5 am de un mi\u00e9rcoles laborable. Carpeta en mano, se sube al primer micro que la lleve hasta el centro de Mendoza. Tiene que llegar a Belgrano y Las Heras de Ciudad lo m\u00e1s temprano posible porque ayer se qued\u00f3 sin n\u00famero. Ah\u00ed est\u00e1 la sede de la Agencia Nacional de Discapacidad (ANDIS), el \u00fanico lugar en el que le pueden dar, cara a cara, informaci\u00f3n sobre la auditor\u00eda de las\u00a0<strong>pensiones no contributivas\u00a0por incapacidad laboral<\/strong>.<\/p>\n\n\n\n<p>Esa situaci\u00f3n se repite todos los d\u00edas desde hace un mes. De todas partes llegan madres, padres, hijos y pacientes angustiados, preocupados y hasta desesperados por miedo a que la Naci\u00f3n les quite la&nbsp;<strong>pensi\u00f3n no contributiva<\/strong>&nbsp;de la que son beneficiarios ellos, sus pap\u00e1s o sus hijos.<\/p>\n\n\n\n<p>La mayor\u00eda de las personas que llegan a ANDIS ya asistieron al turno que recibieron por carta documento en sus domicilios, y que se llev\u00f3 a cabo en alg\u00fan centro de salud. All\u00ed, un m\u00e9dico de cabecera del&nbsp;<strong>PAMI<\/strong>&nbsp;les ofreci\u00f3 un primer panorama, revis\u00f3 la documentaci\u00f3n relacionada con la pensi\u00f3n que en alg\u00fan momento les fue otorgada, y les indic\u00f3 que la cargaran en la plataforma o la completaran, en caso de ser insuficiente.<\/p>\n\n\n\n<p>Las dos cosas son un problema. \u201cSe tilda la p\u00e1gina; est\u00e1 colapsada\u201d, me cuenta una se\u00f1ora mientras le saca foto a la informaci\u00f3n pegada en las paredes de la oficina de la agencia. En esos papeles blancos est\u00e1 el paso a paso para cargar la documentaci\u00f3n pero no le servir\u00e1 de mucho si la plataforma no anda.<\/p>\n\n\n\n<p>La otra opci\u00f3n es sacar turno en la&nbsp;<strong>ANSES<\/strong>. Esa es buena\u2026 -ahora, porque en los primeros d\u00edas de auditor\u00eda tampoco funcionaba-. El inconveniente, me cuentan, es que all\u00ed solo te reciben la documentaci\u00f3n respaldatoria pero si ten\u00e9s alg\u00fan problema con la misma, no pueden ayudarte.<\/p>\n\n\n\n<p>Por eso muchos acaban en la&nbsp;<strong>ANDIS<\/strong>, que hace un mes muestra el mismo escenario: decenas de personas paradas en la galer\u00eda esperando que se hagan las 8.30, horario en el que uno de los dos empleados administrativos que quedaron en la agencia nacional despu\u00e9s de los despidos masivos reparte un n\u00famero de atenci\u00f3n.<\/p>\n\n\n\n<p>A veces se reparten 50, a veces 40, y en los pr\u00f3ximos d\u00edas podr\u00edan ser a\u00fan menos porque de esos dos trabajadores, por cuestiones operativas de la agencia, solo se presentar\u00e1 uno. El objetivo es salir de ah\u00ed con una respuesta clave:\u00a0<strong>qu\u00e9 hago para no perder la pensi\u00f3n no contributiva.<\/strong><\/p>\n\n\n\n<h2 class=\"wp-block-heading\"><strong>El problema que aqueja a muchos que tienen miedo de perder la pensi\u00f3n no contributiva<\/strong><\/h2>\n\n\n\n<p>Esta no es la primera auditor\u00eda que afrontan los beneficiarios de&nbsp;<strong>pensiones no contributivas por incapacidad laboral<\/strong>; es la tercera y la m\u00e1s pr\u00f3xima se dio en 2018, durante el gobierno de Mauricio Macri.<\/p>\n\n\n\n<p>En aquella, recuerdan algunos beneficiarios, hubo protestas pero se dio de manera m\u00e1s ordenada: te daban una ficha que los\u00a0<strong>m\u00e9dicos<\/strong>\u00a0de cabecera del beneficiario ten\u00edan que llenar o, seg\u00fan el caso, te revisaban en el momento.<\/p>\n\n\n\n<p>Ahora no es as\u00ed. Lo que reciben los m\u00e9dicos auditores es la documentaci\u00f3n que el paciente tiene y, si en todos sus a\u00f1os de&nbsp;<strong>pensionado<\/strong>&nbsp;(algunos 30), la perdi\u00f3\u2026 tiene que hacerse los estudios de nuevo.<\/p>\n\n\n\n<p>Con esa situaci\u00f3n se est\u00e1n encontrando en las&nbsp;<strong>auditor\u00edas<\/strong>&nbsp;que se llevan a cabo en Mendoza. Los turnos se est\u00e1n otorgando con cierta normalidad y la concurrencia es buena, pero son muchos los ya no tienen a mano los estudios m\u00e9dicos que les hicieron en su momento para recibir la pensi\u00f3n no contributiva.<\/p>\n\n\n\n<p>\u201cSe tienen que hacer los estudios de nuevo\u201d, les dicen, pero tienen apenas un mes para presentar la documentaci\u00f3n y en el sector p\u00fablico de salud no manejan esos tiempos para la atenci\u00f3n. \u201cEl psiquiatra me da turno para dentro de cuatro meses\u201d, me cuenta desesperada la mam\u00e1 de un chico con retraso mental que cobra una\u00a0<strong>pensi\u00f3n no contributiva<\/strong>.<\/p>\n\n\n\n<p>\u201cEste mes destin\u00e9 los $200.000 de la&nbsp;<strong>pensi\u00f3n<\/strong>&nbsp;a pagarle los estudios que pude de manera particular pero me falta ese, con el psiquiatra, y no consigo turno ni en el sector privado\u201d, dice con el n\u00famero 20 en la mano, esperando que en la oficina de la ANDIS le den una respuesta que la satisfaga.<\/p>\n\n\n\n<p>Un se\u00f1or de 81 a\u00f1os con sus cuatro hijos discapacitados; una chica de 30 a\u00f1os con un tumor en la zona abdominal; y un joven con VIH tambi\u00e9n buscan soluciones. Una mujer mayor, que fue diagnosticada con c\u00e1ncer hace 10 a\u00f1os y hoy parece haber ganado la batalla, espera una respuesta. \u201c\u00bfSe puede decir que estoy curada y no tengo&nbsp;<strong>invalidez laboral<\/strong>?\u201d, casi que filosofa. No s\u00e9 qu\u00e9 decirle y me voy del lugar sin saber qu\u00e9 le dijeron los evaluadores.<\/p>\n\n\n\n<p>La angustia se respira. Incertidumbre es la palabra que los define a todos y cada uno de los que esperan que salga el trabajador de&nbsp;<strong>ANDIS<\/strong>&nbsp;y diga el n\u00famero que tienen anotado con un marcador rojo en un pedacito de cart\u00f3n cortado a mano.<\/p>\n\n\n\n<h2 class=\"wp-block-heading\"><strong>Las respuestas de Naci\u00f3n por las pensiones no contributivas<\/strong><\/h2>\n\n\n\n<p>Hablar directamente sobre las auditor\u00edas a las&nbsp;<strong>pensiones no contributivas<\/strong>&nbsp;con alg\u00fan responsable de la Agencia Nacional de Discapacidad resulta inviable.<\/p>\n\n\n\n<p>Sin embargo, el jefe de Gabinete,&nbsp;<strong>Guillermo Francos<\/strong>, ofreci\u00f3 algunas respuestas la semana pasada durante su informe ante la C\u00e1mara de Diputados. Seg\u00fan explic\u00f3, en los primeros d\u00edas se registraron problemas de conectividad en el sistema, pero asegur\u00f3 que la atenci\u00f3n ya se encuentra \u201cnormalizada\u201d y que se realiza un monitoreo constante para reforzar los mecanismos, en caso de ser necesario.<\/p>\n\n\n\n<p>Lo cierto es que s\u00ed, sigue siendo necesario, al menos seg\u00fan relatan los propios beneficiarios, quienes pasan horas intentando cargar la documentaci\u00f3n en la plataforma de Mi Argentina. La situaci\u00f3n no mejora al presentarse personalmente en la&nbsp;<strong>Agencia Nacional de Discapacidad<\/strong>: all\u00ed tampoco cuentan con un sistema interno propio para procesar los tr\u00e1mites, por lo que deben ingresar a trav\u00e9s de la misma p\u00e1gina oficial. Si el sitio est\u00e1 ca\u00eddo, ellos tampoco pueden brindar ayuda.<\/p>\n\n\n\n<p>\u201cLos turnos est\u00e1n pensados para una atenci\u00f3n \u00e1gil y r\u00e1pida, contemplando las necesidades de los beneficiarios de la&nbsp;<strong>pensi\u00f3n&nbsp;<\/strong>y sus acompa\u00f1antes o apoyos\u201d, dijo Francos en su informe sin dar respuestas sobre los inconvenientes que se presentan despu\u00e9s de esa primera atenci\u00f3n y que, en definitiva, son los que m\u00e1s preocupan a los pensionados.<\/p>\n\n\n\n<p>Quienes tienen dificultades para asistir al\u00a0<strong>turno<\/strong>, complicaciones o emergencias, pueden reprogramar el turno a trav\u00e9s del mail:\u00a0inasistenciapnc@andis.gob.ar.<\/p>\n\n\n\n<p>El jefe de Gabinete inform\u00f3, adem\u00e1s, que el universo de&nbsp;<strong>pensionados&nbsp;<\/strong>a auditar es de un total de 1.017.219 beneficiarios; de los cuales 45.873 se ubican en Mendoza.<\/p>\n\n\n\n<p>La&nbsp;<strong>ANDIS&nbsp;<\/strong>es la autoridad de aplicaci\u00f3n de las auditor\u00edas y responsable de su dise\u00f1o, organizaci\u00f3n, evaluaci\u00f3n m\u00e9dica y resoluci\u00f3n final, para la que no hay un plazo unificado.<\/p>\n\n\n\n<p>Sobre la&nbsp;<strong>auditor\u00eda 2025<\/strong>, Francos cont\u00f3 que ya se enviaron 703.430 cartas de notificaci\u00f3n pero solo llegaron a manos de los beneficiarios de&nbsp;<strong>pensiones no contributivas&nbsp;<\/strong>248.875 de ellas.<\/p>\n\n\n\n<p>Respecto a los resultados hasta el momento obtenidos, la&nbsp;<strong>ANDIS&nbsp;<\/strong>inform\u00f3 que, durante el a\u00f1o 2024 se realizaron diez operativos en Tucum\u00e1n, Mar del Plata, Santiago del Estero, Chacho y la Ciudad Aut\u00f3noma de Buenos Aires. En ellos, se citaron a 22.339&nbsp;<strong>pensionados<\/strong>, asistieron 8.150 de cuales 3.489 tienen evaluaci\u00f3n desfavorable. A su vez 14.189 no asistieron y volver\u00e1n a ser citadas para las auditor\u00edas del a\u00f1o 2025.<\/p>\n\n\n\n<p>Al mes de abril se suspendieron efectivamente 2.004&nbsp;<strong>pensiones<\/strong>. Un total de 239 pensionados renunciaron y se detect\u00f3 que 146 estaban fallecidos.<\/p>\n\n\n\n<p>Las&nbsp;<strong>auditor\u00edas&nbsp;<\/strong>actuales comenzaron el 19 de marzo por lo que, l\u00f3gicamente, a\u00fan no hay resultados para informar.<\/p>\n\n\n\n<h2 class=\"wp-block-heading\">Proyectan quitar 177.740 pensiones no contributivas<\/h2>\n\n\n\n<p>Actualmente, son 45.873 los beneficiarios de&nbsp;<strong>pensiones no contributivas por invalidez laboral<\/strong>&nbsp;en Mendoza, sin contar los 280 trasplantados que tambi\u00e9n tienen una PNC pero que quedaron fuera del proceso de auditor\u00eda.<\/p>\n\n\n\n<p>De todos ellos, solo dos son&nbsp;<strong>pensionados<\/strong>&nbsp;de la era Milei.<\/p>\n\n\n\n<p>Si bien la ANDIS inform\u00f3 que no existe un programa de recorte en el otorgamiento de nuevas&nbsp;<strong>pensiones no contributivas<\/strong>, lo cierto es que desde enero del a\u00f1o pasado, en todo el pa\u00eds se otorgaron apenas 6.457 nuevas pensiones (dos en Mendoza).<\/p>\n\n\n\n<p>Y que seg\u00fan un an\u00e1lisis elaborado por la Asociaci\u00f3n Civil por la Igualdad y la Justicia (ACIJ) el presupuesto 2025 prev\u00e9 una reducci\u00f3n del 15% en la cantidad de&nbsp;<strong>pensiones&nbsp;<\/strong>proyectadas respecto al a\u00f1o anterior, lo que representar\u00eda una disminuci\u00f3n de aproximadamente 177.740 prestaciones.<\/p>\n\n\n\n<h2 class=\"wp-block-heading\">Pensiones no contributivas en Mendoza<\/h2>\n\n\n\n<p>En&nbsp;<strong>Mendoza<\/strong>, desde enero del 2024 se otorgaron solo dos nuevas&nbsp;<strong>pensiones no contributivas por invalidez laboral<\/strong>; n\u00famero que parece menor en relaci\u00f3n a la cantidad de tr\u00e1mites que est\u00e1n en proceso e incluso ya finalizados.<\/p>\n\n\n\n<p>Seg\u00fan los n\u00fameros de Naci\u00f3n, en&nbsp;<strong>Mendoza&nbsp;<\/strong>se iniciaron desde entonces 6.825 tr\u00e1mites, de los cuales, 3.470 siguen en proceso, 3.355 ya est\u00e1n finalizados y esperan, y solo 2 fueron otorgadas.<\/p>\n\n\n\n<p>Dice el jefe de Gabinete que \u201cel tiempo de otorgamiento depende de la documentaci\u00f3n que acompa\u00f1a cada persona, no hay un promedio porque se analiza cada caso en particular\u201d.<\/p>\n\n\n\n<p>Y que hoy, el objetivo del gobierno nacional es enfocar las&nbsp;<strong>pensiones no contributivas<\/strong>&nbsp;a \u201caquellas personas que presentan una verdadera imposibilidad para acceder al empleo y requieren acompa\u00f1amiento del Estado por motivos de salud y exclusi\u00f3n social\u201d.<\/p>\n\n\n\n<p>As\u00ed, mediante el Decreto 843\/2024 se reestablecieron criterios m\u00e9dicos y funcionales objetivos, \u201cabandonando interpretaciones m\u00e1s amplias que, en muchos casos, permitieron el acceso a las\u00a0<strong>pensiones no contributivas por incapacidad laboral\u00a0<\/strong>a personas que no cumpl\u00edan con los requisitos establecidos por la normativa vigente, afectando indirectamente a quienes realmente necesitan esta pol\u00edtica de protecci\u00f3n social\u201d.<\/p>\n\n\n\n<p><strong>Fuente: www.diariouno.com.ar<\/strong><\/p>\n","protected":false},"excerpt":{"rendered":"<p>Son las 5 am de un mi\u00e9rcoles laborable. Carpeta en mano, se sube al primer micro que la lleve hasta el centro de Mendoza. Tiene que llegar a Belgrano y Las Heras de Ciudad lo m\u00e1s temprano posible porque ayer se qued\u00f3 sin n\u00famero. Ah\u00ed est\u00e1 la sede de la Agencia Nacional de Discapacidad (ANDIS), [&hellip;]<\/p>\n","protected":false},"author":2,"featured_media":12573,"comment_status":"open","ping_status":"open","sticky":false,"template":"","format":"standard","meta":[],"categories":[57],"tags":[],"_links":{"self":[{"href":"https:\/\/pasaenmendoza.com\/index.php?rest_route=\/wp\/v2\/posts\/12572"}],"collection":[{"href":"https:\/\/pasaenmendoza.com\/index.php?rest_route=\/wp\/v2\/posts"}],"about":[{"href":"https:\/\/pasaenmendoza.com\/index.php?rest_route=\/wp\/v2\/types\/post"}],"author":[{"embeddable":true,"href":"https:\/\/pasaenmendoza.com\/index.php?rest_route=\/wp\/v2\/users\/2"}],"replies":[{"embeddable":true,"href":"https:\/\/pasaenmendoza.com\/index.php?rest_route=%2Fwp%2Fv2%2Fcomments&post=12572"}],"version-history":[{"count":1,"href":"https:\/\/pasaenmendoza.com\/index.php?rest_route=\/wp\/v2\/posts\/12572\/revisions"}],"predecessor-version":[{"id":12574,"href":"https:\/\/pasaenmendoza.com\/index.php?rest_route=\/wp\/v2\/posts\/12572\/revisions\/12574"}],"wp:featuredmedia":[{"embeddable":true,"href":"https:\/\/pasaenmendoza.com\/index.php?rest_route=\/wp\/v2\/media\/12573"}],"wp:attachment":[{"href":"https:\/\/pasaenmendoza.com\/index.php?rest_route=%2Fwp%2Fv2%2Fmedia&parent=12572"}],"wp:term":[{"taxonomy":"category","embeddable":true,"href":"https:\/\/pasaenmendoza.com\/index.php?rest_route=%2Fwp%2Fv2%2Fcategories&post=12572"},{"taxonomy":"post_tag","embeddable":true,"href":"https:\/\/pasaenmendoza.com\/index.php?rest_route=%2Fwp%2Fv2%2Ftags&post=12572"}],"curies":[{"name":"wp","href":"https:\/\/api.w.org\/{rel}","templated":true}]}}