{"id":12581,"date":"2025-04-22T16:31:33","date_gmt":"2025-04-22T14:31:33","guid":{"rendered":"https:\/\/pasaenmendoza.com\/?p=12581"},"modified":"2025-04-22T16:31:34","modified_gmt":"2025-04-22T14:31:34","slug":"robaron-una-farmacia-en-godoy-cruz-durante-la-madrugada","status":"publish","type":"post","link":"https:\/\/pasaenmendoza.com\/?p=12581","title":{"rendered":"Robaron una farmacia en Godoy Cruz durante la madrugada"},"content":{"rendered":"\n<p>Un nuevo\u00a0<strong>hecho delictivo<\/strong>\u00a0se registr\u00f3 en el departamento de\u00a0<strong>Godoy Cruz\u00a0<\/strong>durante la madrugada de este lunes en una farmacia ubicada en la calle Chuquisaca al 1200.<\/p>\n\n\n\n<p>&nbsp;Seg\u00fan informaron fuentes oficiales, el incidente ocurri\u00f3&nbsp;<strong>cerca de las 5 horas de la ma\u00f1ana<\/strong>&nbsp;y ante la denuncia, actuaron efectivos de la Comisar\u00eda 50\u00b0 tras un llamado al 911.<\/p>\n\n\n\n<p>\u00a0Al arribar al lugar, el personal policial constat\u00f3 que l<strong>os delincuentes hab\u00edan forzado la reja y roto el vidrio del local<\/strong>\u00a0para ingresar y sustraer diversos elementos del interior. Minutos m\u00e1s tarde, se present\u00f3 el propietario de la farmacia, un hombre de 57 a\u00f1os, quien manifest\u00f3 no poder determinar en ese momento qu\u00e9 objetos hab\u00edan sido robados.\u00a0<\/p>\n\n\n\n<p>De esta manera, por el momento no se han identificado a los responsables del hecho y<strong>&nbsp;contin\u00faa la investigaci\u00f3n correspondiente<\/strong>. La Oficina Fiscal de la jurisdicci\u00f3n intervino en el caso.<\/p>\n\n\n\n<p>Las autoridades trabajan en la recolecci\u00f3n de pruebas y el relevamiento de c\u00e1maras de seguridad de la zona para dar con los autores del delito.<\/p>\n\n\n\n<p><strong>Fuente: www.mendozapost.com<\/strong><\/p>\n","protected":false},"excerpt":{"rendered":"<p>Un nuevo\u00a0hecho delictivo\u00a0se registr\u00f3 en el departamento de\u00a0Godoy Cruz\u00a0durante la madrugada de este lunes en una farmacia ubicada en la calle Chuquisaca al 1200. &nbsp;Seg\u00fan informaron fuentes oficiales, el incidente ocurri\u00f3&nbsp;cerca de las 5 horas de la ma\u00f1ana&nbsp;y ante la denuncia, actuaron efectivos de la Comisar\u00eda 50\u00b0 tras un llamado al 911. \u00a0Al arribar al [&hellip;]<\/p>\n","protected":false},"author":2,"featured_media":12582,"comment_status":"open","ping_status":"open","sticky":false,"template":"","format":"standard","meta":[],"categories":[48],"tags":[],"_links":{"self":[{"href":"https:\/\/pasaenmendoza.com\/index.php?rest_route=\/wp\/v2\/posts\/12581"}],"collection":[{"href":"https:\/\/pasaenmendoza.com\/index.php?rest_route=\/wp\/v2\/posts"}],"about":[{"href":"https:\/\/pasaenmendoza.com\/index.php?rest_route=\/wp\/v2\/types\/post"}],"author":[{"embeddable":true,"href":"https:\/\/pasaenmendoza.com\/index.php?rest_route=\/wp\/v2\/users\/2"}],"replies":[{"embeddable":true,"href":"https:\/\/pasaenmendoza.com\/index.php?rest_route=%2Fwp%2Fv2%2Fcomments&post=12581"}],"version-history":[{"count":1,"href":"https:\/\/pasaenmendoza.com\/index.php?rest_route=\/wp\/v2\/posts\/12581\/revisions"}],"predecessor-version":[{"id":12583,"href":"https:\/\/pasaenmendoza.com\/index.php?rest_route=\/wp\/v2\/posts\/12581\/revisions\/12583"}],"wp:featuredmedia":[{"embeddable":true,"href":"https:\/\/pasaenmendoza.com\/index.php?rest_route=\/wp\/v2\/media\/12582"}],"wp:attachment":[{"href":"https:\/\/pasaenmendoza.com\/index.php?rest_route=%2Fwp%2Fv2%2Fmedia&parent=12581"}],"wp:term":[{"taxonomy":"category","embeddable":true,"href":"https:\/\/pasaenmendoza.com\/index.php?rest_route=%2Fwp%2Fv2%2Fcategories&post=12581"},{"taxonomy":"post_tag","embeddable":true,"href":"https:\/\/pasaenmendoza.com\/index.php?rest_route=%2Fwp%2Fv2%2Ftags&post=12581"}],"curies":[{"name":"wp","href":"https:\/\/api.w.org\/{rel}","templated":true}]}}