{"id":12590,"date":"2025-04-22T20:37:08","date_gmt":"2025-04-22T18:37:08","guid":{"rendered":"https:\/\/pasaenmendoza.com\/?p=12590"},"modified":"2025-04-22T20:37:09","modified_gmt":"2025-04-22T18:37:09","slug":"en-medio-del-conflicto-con-los-traumatologos-el-director-de-pami-mendoza-dejo-plantada-a-la-comision-de-salud-publica","status":"publish","type":"post","link":"https:\/\/pasaenmendoza.com\/?p=12590","title":{"rendered":"En medio del conflicto con los traumat\u00f3logos, el director de PAMI Mendoza dej\u00f3 plantada a la Comisi\u00f3n de Salud P\u00fablica"},"content":{"rendered":"\n<p>En medio de un conflicto que tiene a miles de beneficiarios del&nbsp;<strong>PAMI&nbsp;<\/strong>sin ning\u00fan tipo de cobertura traumatol\u00f3gica en las cl\u00ednicas privadas de Mendoza, se esperaba que este martes el director provincial del organismo,&nbsp;<strong>David Litvinchuk<\/strong>, mantuviera una reuni\u00f3n con la&nbsp;<strong>Comisi\u00f3n de Salud P\u00fablica de la C\u00e1mara de Diputados<\/strong>&nbsp;para dar respuestas sobre la situaci\u00f3n.<\/p>\n\n\n\n<p>Sin embargo,&nbsp;<strong>el titular de la entidad no dio el presente&nbsp;<\/strong>ante los legisladores y la historia sum\u00f3 un nuevo cap\u00edtulo. En el medio, un sector vulnerable y a la deriva:<strong>&nbsp;los jubilados mendocinos que desde hace 22 d\u00edas no cuentan con el respaldo de la obra social&nbsp;<\/strong>a la hora de tener que atenderse o realizarse&nbsp;<strong>pr\u00e1cticas traumatol\u00f3gicas<\/strong>. Mientras<strong>&nbsp;<\/strong>tanto, el sistema sanitario provincial oficia de rueda de auxilio temporaria frente a situaciones de urgencia.<\/p>\n\n\n\n<p>El<strong>\u00a0reclamo econ\u00f3mico\u00a0<\/strong>de los especialistas, que exigen un<strong>\u00a0fuerte incremento en los honorarios\u00a0<\/strong>que los establecimientos de r\u00e9gimen privado abona por sus servicios profesionales, no lleg\u00f3 a buen puerto tras intensas negociaciones y deriv\u00f3 en una fuerte decisi\u00f3n: no atender m\u00e1s a todos aquellos beneficiarios de la obra social nacional hasta que no obtengan\u00a0<strong>una respuesta que satisfaga sus pretensiones<\/strong>.<\/p>\n\n\n\n<p>El pedido gira en torno a cambiar el canon fijo que reciben\u00a0<strong>\u201cpor servicio prestado\u201d<\/strong>\u00a0y pasar a cobra\u00a0<strong>\u201cpor cada prestaci\u00f3n realizada\u201d<\/strong>. Desde la\u00a0<strong>Asociaci\u00f3n de Cl\u00ednicas y Sanatorios de Mendoza (Aclisa)<\/strong>, consideran que el reclamo redunda en una suba de entre un 300% y 400%,<strong>\u00a0una cifra \u201cexorbitante\u201d<\/strong>.<\/p>\n\n\n\n<h2 class=\"wp-block-heading\" id=\"h-ausente-con-aviso\"><strong>Ausente\u2026 \u00bfcon aviso?<\/strong><\/h2>\n\n\n\n<p><em>\u201cEstaba invitado, pero al tratarse de un organismo nacional, no ten\u00eda la obligaci\u00f3n de asistir. La invitaci\u00f3n se curs\u00f3 a trav\u00e9s de un pedido de informes solicitado por el diputado (Edgardo) Civit Evans en relaci\u00f3n con la atenci\u00f3n en general del organismo, pero tambi\u00e9n al conflicto con los m\u00e9dicos traumat\u00f3logos en particular\u201d<\/em>, indic\u00f3 a&nbsp;<strong><em>El Sol&nbsp;<\/em><\/strong>el presidente de la Comisi\u00f3n de Salud P\u00fablica,&nbsp;<strong>Daniel Llaver<\/strong>.<\/p>\n\n\n\n<p>En esa misma l\u00ednea, el diputado precis\u00f3 que&nbsp;<strong>se cursaron cuatro invitaciones&nbsp;<\/strong>a trav\u00e9s del correo electr\u00f3nico, pero que&nbsp;<strong>desde el PAMI aseguraron \u201cno haberlas recibido\u201d<\/strong>. Frente a esto, y por intermedio de la secretar\u00eda, se volvieron a enviar las mismas&nbsp;<strong>a la espera de contar con la presencia del funcionario el pr\u00f3ximo martes 29 de abril<\/strong>.<\/p>\n\n\n\n<p>Por su parte, el diputado<strong>&nbsp;Juan Pablo Gulino<\/strong>, miembro del \u00f3rgano de asesoramiento de la C\u00e1mara baja provincial,&nbsp;<strong>coment\u00f3 a este medio<\/strong>&nbsp;que el encuentro ten\u00eda como objetivo central&nbsp;<em>\u201crelevar de primera mano cu\u00e1l es la situaci\u00f3n que se est\u00e1 viviendo\u201d<\/em>.<\/p>\n\n\n\n<p><em>\u201cSabemos que hay un corte del servicio de traumatolog\u00eda hacia los hospitales de PAMI y quer\u00edamos tener una informaci\u00f3n oficial para poder realizar las actuaciones necesarias\u201d<\/em>, explic\u00f3, sin ocultar su sorpresa ante el faltazo de&nbsp;<strong>Litvinchuk<\/strong>.<\/p>\n\n\n\n<p><em>\u201cDesconozco por qu\u00e9 no asisti\u00f3. No s\u00e9 si ha tenido un problema personal, si ha sido algo laboral, si los superiores le pidieron que no asistan. Lo desconozco. Ten\u00eda cosas para charlar\u201d<\/em>, remarc\u00f3.<\/p>\n\n\n\n<p><em>\u201cSiempre tratamos de ofrecer una mesa de di\u00e1logo donde nos podamos nutrir todos y donde podamos ponernos al servicio del vecino, de la situaci\u00f3n en cuesti\u00f3n o de quien lo requiera para entre todos encontrar una soluci\u00f3n\u201d<\/em>, a\u00f1adi\u00f3&nbsp;<strong>Gulino<\/strong>.<\/p>\n\n\n\n<p>Para el legislador peronista,&nbsp;<strong>es imprescindible encontrar una respuesta que destrabe la problem\u00e1tica&nbsp;<\/strong>que mantiene desde hace tres semanas sin cobertura a los afiliados del PAMI.<\/p>\n\n\n\n<p><em>\u201cQueremos juntarnos con todos los actores de esta situaci\u00f3n problem\u00e1tica. La verdad que no podemos estar en una situaci\u00f3n as\u00ed, en un servicio tan importante para los adultos mayores como es el sistema de traumatolog\u00eda\u201d<\/em>, concluy\u00f3 con gran preocupaci\u00f3n.<\/p>\n\n\n\n<p><strong>Fuente: www.elsol.com.ar<\/strong><\/p>\n","protected":false},"excerpt":{"rendered":"<p>En medio de un conflicto que tiene a miles de beneficiarios del&nbsp;PAMI&nbsp;sin ning\u00fan tipo de cobertura traumatol\u00f3gica en las cl\u00ednicas privadas de Mendoza, se esperaba que este martes el director provincial del organismo,&nbsp;David Litvinchuk, mantuviera una reuni\u00f3n con la&nbsp;Comisi\u00f3n de Salud P\u00fablica de la C\u00e1mara de Diputados&nbsp;para dar respuestas sobre la situaci\u00f3n. Sin embargo,&nbsp;el titular [&hellip;]<\/p>\n","protected":false},"author":2,"featured_media":12591,"comment_status":"open","ping_status":"open","sticky":false,"template":"","format":"standard","meta":[],"categories":[89],"tags":[],"_links":{"self":[{"href":"https:\/\/pasaenmendoza.com\/index.php?rest_route=\/wp\/v2\/posts\/12590"}],"collection":[{"href":"https:\/\/pasaenmendoza.com\/index.php?rest_route=\/wp\/v2\/posts"}],"about":[{"href":"https:\/\/pasaenmendoza.com\/index.php?rest_route=\/wp\/v2\/types\/post"}],"author":[{"embeddable":true,"href":"https:\/\/pasaenmendoza.com\/index.php?rest_route=\/wp\/v2\/users\/2"}],"replies":[{"embeddable":true,"href":"https:\/\/pasaenmendoza.com\/index.php?rest_route=%2Fwp%2Fv2%2Fcomments&post=12590"}],"version-history":[{"count":1,"href":"https:\/\/pasaenmendoza.com\/index.php?rest_route=\/wp\/v2\/posts\/12590\/revisions"}],"predecessor-version":[{"id":12592,"href":"https:\/\/pasaenmendoza.com\/index.php?rest_route=\/wp\/v2\/posts\/12590\/revisions\/12592"}],"wp:featuredmedia":[{"embeddable":true,"href":"https:\/\/pasaenmendoza.com\/index.php?rest_route=\/wp\/v2\/media\/12591"}],"wp:attachment":[{"href":"https:\/\/pasaenmendoza.com\/index.php?rest_route=%2Fwp%2Fv2%2Fmedia&parent=12590"}],"wp:term":[{"taxonomy":"category","embeddable":true,"href":"https:\/\/pasaenmendoza.com\/index.php?rest_route=%2Fwp%2Fv2%2Fcategories&post=12590"},{"taxonomy":"post_tag","embeddable":true,"href":"https:\/\/pasaenmendoza.com\/index.php?rest_route=%2Fwp%2Fv2%2Ftags&post=12590"}],"curies":[{"name":"wp","href":"https:\/\/api.w.org\/{rel}","templated":true}]}}