{"id":12593,"date":"2025-04-22T20:40:41","date_gmt":"2025-04-22T18:40:41","guid":{"rendered":"https:\/\/pasaenmendoza.com\/?p=12593"},"modified":"2025-04-22T20:40:42","modified_gmt":"2025-04-22T18:40:42","slug":"el-gobierno-confirmo-el-aumento-y-bono-para-jubilados-en-mayo-como-se-actualizaran-los-haberes","status":"publish","type":"post","link":"https:\/\/pasaenmendoza.com\/?p=12593","title":{"rendered":"El Gobierno confirm\u00f3 el aumento y bono para jubilados en mayo: c\u00f3mo se actualizar\u00e1n los haberes"},"content":{"rendered":"\n<p>El Gobierno nacional\u00a0<strong>oficializ\u00f3 un nuevo\u00a0aumento\u00a0para\u00a0jubilados, pensionados y beneficiarios de asignaciones a partir de mayo de 2025.<\/strong>\u00a0La suba ser\u00e1 del 3,7%, en l\u00ednea con la\u00a0inflaci\u00f3n\u00a0informada por el INDEC correspondiente al mes de marzo, tal como establece el Decreto 274\/2024.<\/p>\n\n\n\n<p>Adem\u00e1s,\u00a0<strong>se confirm\u00f3 la continuidad del bono extraordinario para quienes perciban el haber m\u00ednimo.\u00a0<\/strong><\/p>\n\n\n\n<p><strong>Con este refuerzo, los ingresos de ese grupo llegar\u00e1n a&nbsp;<\/strong><mark><strong>$366.395,99<\/strong><\/mark><strong>, contemplando el monto base actualizado m\u00e1s el adicional.<\/strong>&nbsp;Tambi\u00e9n podr\u00e1n acceder a un bono proporcional quienes cobren por encima del m\u00ednimo pero por debajo de ese umbral.<\/p>\n\n\n\n<p>El incremento impactar\u00e1 en todas las prestaciones gestionadas por la ANSES, incluyendo la Asignaci\u00f3n Universal por Hijo (AUH), la Asignaci\u00f3n por Embarazo (AUE), las Pensiones No Contributivas (PNC) y la Pensi\u00f3n Universal para el Adulto Mayor (PUAM), entre otras.<\/p>\n\n\n\n<p>Los pagos comenzar\u00e1n en mayo y se acreditar\u00e1n seg\u00fan el cronograma que ANSES dar\u00e1 a conocer en los pr\u00f3ximos d\u00edas. El organismo record\u00f3 que quienes cumplan con los requisitos de ingresos recibir\u00e1n el bono de manera autom\u00e1tica junto a sus haberes mensuales.<\/p>\n\n\n\n<p><strong>Fuente: www.diariomendoza.com.ar<\/strong><\/p>\n","protected":false},"excerpt":{"rendered":"<p>El Gobierno nacional\u00a0oficializ\u00f3 un nuevo\u00a0aumento\u00a0para\u00a0jubilados, pensionados y beneficiarios de asignaciones a partir de mayo de 2025.\u00a0La suba ser\u00e1 del 3,7%, en l\u00ednea con la\u00a0inflaci\u00f3n\u00a0informada por el INDEC correspondiente al mes de marzo, tal como establece el Decreto 274\/2024. Adem\u00e1s,\u00a0se confirm\u00f3 la continuidad del bono extraordinario para quienes perciban el haber m\u00ednimo.\u00a0 Con este refuerzo, los [&hellip;]<\/p>\n","protected":false},"author":2,"featured_media":12594,"comment_status":"open","ping_status":"open","sticky":false,"template":"","format":"standard","meta":[],"categories":[57],"tags":[],"_links":{"self":[{"href":"https:\/\/pasaenmendoza.com\/index.php?rest_route=\/wp\/v2\/posts\/12593"}],"collection":[{"href":"https:\/\/pasaenmendoza.com\/index.php?rest_route=\/wp\/v2\/posts"}],"about":[{"href":"https:\/\/pasaenmendoza.com\/index.php?rest_route=\/wp\/v2\/types\/post"}],"author":[{"embeddable":true,"href":"https:\/\/pasaenmendoza.com\/index.php?rest_route=\/wp\/v2\/users\/2"}],"replies":[{"embeddable":true,"href":"https:\/\/pasaenmendoza.com\/index.php?rest_route=%2Fwp%2Fv2%2Fcomments&post=12593"}],"version-history":[{"count":1,"href":"https:\/\/pasaenmendoza.com\/index.php?rest_route=\/wp\/v2\/posts\/12593\/revisions"}],"predecessor-version":[{"id":12595,"href":"https:\/\/pasaenmendoza.com\/index.php?rest_route=\/wp\/v2\/posts\/12593\/revisions\/12595"}],"wp:featuredmedia":[{"embeddable":true,"href":"https:\/\/pasaenmendoza.com\/index.php?rest_route=\/wp\/v2\/media\/12594"}],"wp:attachment":[{"href":"https:\/\/pasaenmendoza.com\/index.php?rest_route=%2Fwp%2Fv2%2Fmedia&parent=12593"}],"wp:term":[{"taxonomy":"category","embeddable":true,"href":"https:\/\/pasaenmendoza.com\/index.php?rest_route=%2Fwp%2Fv2%2Fcategories&post=12593"},{"taxonomy":"post_tag","embeddable":true,"href":"https:\/\/pasaenmendoza.com\/index.php?rest_route=%2Fwp%2Fv2%2Ftags&post=12593"}],"curies":[{"name":"wp","href":"https:\/\/api.w.org\/{rel}","templated":true}]}}