{"id":12596,"date":"2025-04-22T20:46:04","date_gmt":"2025-04-22T18:46:04","guid":{"rendered":"https:\/\/pasaenmendoza.com\/?p=12596"},"modified":"2025-04-22T20:46:05","modified_gmt":"2025-04-22T18:46:05","slug":"sagasti-el-pj-tiene-que-decidir-si-es-un-partido-provincial-o-un-frente-de-barrido-alumbrado-y-limpieza","status":"publish","type":"post","link":"https:\/\/pasaenmendoza.com\/?p=12596","title":{"rendered":"Sagasti: &#8220;El PJ tiene que decidir si es un partido provincial o un frente de barrido, alumbrado y limpieza&#8221;"},"content":{"rendered":"\n<p>La senadora nacional kirchnerista,<strong>\u00a0Anabel Fern\u00e1ndez Sagasti\u00a0<\/strong>sali\u00f3 a decir basta. Ante el fuerte rumor de que los intendentes del\u00a0<strong>PJ\u00a0<\/strong>analizan\u00a0<strong>desdoblar las elecciones legislativas<\/strong>, con el s\u00f3lo objetivo de conservar el poder en los Concejos Deliberantes de sus comunas, y tras el silencio de la conducci\u00f3n partidaria, dispar\u00f3 sin tapujos al coraz\u00f3n del partido.<\/p>\n\n\n\n<p>&#8220;Nos lleg\u00f3 la informaci\u00f3n de que los&nbsp;<strong>intendentes<\/strong>&nbsp;est\u00e1n decididos a desdoblar las elecciones y nos pareci\u00f3 que si eso ocurre no hay retorno. El&nbsp;<strong>PJ&nbsp;<\/strong>tiene que tomar decisiones clave, tiene que decidir si es un partido provincial o si es un frente municipal de barrido alumbrado y limpieza&#8221;, lanz\u00f3 en clara alusi\u00f3n a lo que su sector lee como un arrebato ego\u00edsta de los jefes municipales.<\/p>\n\n\n\n<p>Se refiere a lo que habr\u00edan convenido los\u00a0<strong>7 intendentes del PJ<\/strong>\u00a0en una reuni\u00f3n que mantuvieron la semana pasada, en la que hubo asistencia perfecta de los jefes comunales y en donde tambi\u00e9n habr\u00edan decidido que\u00a0<strong>Emir F\u00e9lix<\/strong>, hoy presidente del partido, encabece las listas de candidatos a diputados nacionales.<\/p>\n\n\n\n<p>Llamativamente a esa reuni\u00f3n no se invit\u00f3 a nadie del&nbsp;<strong>kirchnerismo<\/strong>&nbsp;y las decisiones que habr\u00edan surgido de all\u00ed, hicieron estallar a la l\u00edder de ese sector.<\/p>\n\n\n\n<p>Tanto que la misma&nbsp;<strong>Fern\u00e1ndez Sagasti&nbsp;<\/strong>advirti\u00f3, que ante la falta de di\u00e1logo y de consulta a la que los han relegado, su espacio pol\u00edtico est\u00e1 dispuesto a conformar un frente y ser ella quien lidere la lista de diputados nacionales para dar la batalla electoral.<\/p>\n\n\n\n<p>&#8220;Nos est\u00e1n empujando a eso porque no hay una mesa de discusi\u00f3n que el&nbsp;<strong>PJ<\/strong>&nbsp;necesita, en la que estemos todos los sectores, no hay di\u00e1logo para definir qu\u00e9 tipo de oposici\u00f3n somos, que postura tenemos ante determinadas pol\u00edticas de Cornejo, y c\u00f3mo vamos a enfrentar las pr\u00f3ximas elecciones. Si los intendentes desdoblan me parece que est\u00e1n pensando s\u00f3lo en su comuna y no en la necesidad de construir tambi\u00e9n en la Legislatura que es donde se dan las discusiones clave para la provincia&#8221;, cuestion\u00f3.<\/p>\n\n\n\n<p>En principio, si ese di\u00e1logo no se da y la tensi\u00f3n sigue en aumento, el kirchnerismo est\u00e1 dispuesto a ir a las urnas bajo el paraguas del&nbsp;<strong>Frente para la Victoria<\/strong>&nbsp;e incluso barajan reconstruir otro partido como una herramienta electoral.<\/p>\n\n\n\n<h2 class=\"wp-block-heading\">Las elecciones desdobladas y los magros resultados para el PJ<\/h2>\n\n\n\n<p>Pese a que la ley electoral de Mendoza permite que los intendentes puedan\u00a0<strong>desdoblar las elecciones<\/strong>, claro est\u00e1 costeando esos comicios, cada vez que los jefes comunales decidieron aplicar ese m\u00e9todo s\u00f3lo consiguieron retener las comunas pero pagaron el costo con las elecciones provinciales.<\/p>\n\n\n\n<p>&#8220;En el 2015 comenzaron los desdoblamientos de los intendentes y el&nbsp;<strong>PJ comenz\u00f3 a perder la provincia.<\/strong>&nbsp;Hasta ese momento, la ley primera del Peronismo era ir con la Naci\u00f3n y traccionar todos juntos, tirar todos del mismo carro, pero eso no se volvi\u00f3 a dar. En el 2019 tambi\u00e9n desdoblaron la elecci\u00f3n y perdimos contra el radicalismo que fue todo junto y en el 2023 no s\u00f3lo desdoblaron, sino que hasta hubo intendentes que se fueron con De Marchi&#8221;, repasaron los m\u00e1s memoriosos del kirchnerismo.<\/p>\n\n\n\n<p>En estas elecciones legislativas, si el gobernador\u00a0<strong>Alfredo Cornejo<\/strong>\u00a0desdobla las elecciones legislativas y si esa idea de los intendentes del PJ prospera, esos Estados comunales deber\u00e1n pagar el costo de esos comicios y sus ciudadanos estar\u00e1n obligados a acudir a las urnas 5 veces. Esto es deber\u00e1n votar en las elecciones nacionales para elegir a diputados nacionales por Mendoza, deber\u00e1n ir a las PASO provinciales y a las generales provinciales para elegir a diputados y senadores de la Legislatura, y luego a las PASO y las generales comunales para seleccionar a los concejales de esas 7 comunas.<\/p>\n\n\n\n<p><strong>Fuente: www.diariouno.com.ar<\/strong><\/p>\n","protected":false},"excerpt":{"rendered":"<p>La senadora nacional kirchnerista,\u00a0Anabel Fern\u00e1ndez Sagasti\u00a0sali\u00f3 a decir basta. Ante el fuerte rumor de que los intendentes del\u00a0PJ\u00a0analizan\u00a0desdoblar las elecciones legislativas, con el s\u00f3lo objetivo de conservar el poder en los Concejos Deliberantes de sus comunas, y tras el silencio de la conducci\u00f3n partidaria, dispar\u00f3 sin tapujos al coraz\u00f3n del partido. &#8220;Nos lleg\u00f3 la informaci\u00f3n [&hellip;]<\/p>\n","protected":false},"author":2,"featured_media":12597,"comment_status":"open","ping_status":"open","sticky":false,"template":"","format":"standard","meta":[],"categories":[47],"tags":[],"_links":{"self":[{"href":"https:\/\/pasaenmendoza.com\/index.php?rest_route=\/wp\/v2\/posts\/12596"}],"collection":[{"href":"https:\/\/pasaenmendoza.com\/index.php?rest_route=\/wp\/v2\/posts"}],"about":[{"href":"https:\/\/pasaenmendoza.com\/index.php?rest_route=\/wp\/v2\/types\/post"}],"author":[{"embeddable":true,"href":"https:\/\/pasaenmendoza.com\/index.php?rest_route=\/wp\/v2\/users\/2"}],"replies":[{"embeddable":true,"href":"https:\/\/pasaenmendoza.com\/index.php?rest_route=%2Fwp%2Fv2%2Fcomments&post=12596"}],"version-history":[{"count":1,"href":"https:\/\/pasaenmendoza.com\/index.php?rest_route=\/wp\/v2\/posts\/12596\/revisions"}],"predecessor-version":[{"id":12598,"href":"https:\/\/pasaenmendoza.com\/index.php?rest_route=\/wp\/v2\/posts\/12596\/revisions\/12598"}],"wp:featuredmedia":[{"embeddable":true,"href":"https:\/\/pasaenmendoza.com\/index.php?rest_route=\/wp\/v2\/media\/12597"}],"wp:attachment":[{"href":"https:\/\/pasaenmendoza.com\/index.php?rest_route=%2Fwp%2Fv2%2Fmedia&parent=12596"}],"wp:term":[{"taxonomy":"category","embeddable":true,"href":"https:\/\/pasaenmendoza.com\/index.php?rest_route=%2Fwp%2Fv2%2Fcategories&post=12596"},{"taxonomy":"post_tag","embeddable":true,"href":"https:\/\/pasaenmendoza.com\/index.php?rest_route=%2Fwp%2Fv2%2Ftags&post=12596"}],"curies":[{"name":"wp","href":"https:\/\/api.w.org\/{rel}","templated":true}]}}