{"id":12599,"date":"2025-04-23T15:15:50","date_gmt":"2025-04-23T13:15:50","guid":{"rendered":"https:\/\/pasaenmendoza.com\/?p=12599"},"modified":"2025-04-23T15:23:53","modified_gmt":"2025-04-23T13:23:53","slug":"vuelven-las-lluvias-a-mendoza-que-zonas-afectara","status":"publish","type":"post","link":"https:\/\/pasaenmendoza.com\/?p=12599","title":{"rendered":"Vuelven las lluvias a Mendoza: qu\u00e9 zonas afectar\u00e1"},"content":{"rendered":"\n<p>Tal como estaba anunciado por los principales modelos meteorol\u00f3gicos, este&nbsp;<strong>mi\u00e9rcoles&nbsp;<\/strong>el cielo estar\u00e1 parcialmente nublado y habr\u00e1 poco cambio de la temperatura. Adem\u00e1s, la Direcci\u00f3n de Contingencias Clim\u00e1ticas indica:&nbsp;<strong>\u201cPrecipitaciones en el centro y sur provincial\u201d<\/strong>.&nbsp;<strong>La m\u00ednima ser\u00e1 de 14 grados y la m\u00e1xima de 25.<\/strong><\/p>\n\n\n\n<p>De acuerdo con el organismo,&nbsp;<strong>las lluvias tambi\u00e9n podr\u00edan registrarse en el sector cordillerano.<\/strong><\/p>\n\n\n\n<p>El<strong>&nbsp;jueves<\/strong>&nbsp;arrancar\u00e1 con nubosidad variable y precipitaciones en las primeras horas. Vientos del sector sur rotando al noreste. Poco nuboso en cordillera. Mejoran las condiciones meteorol\u00f3gicas.&nbsp;<strong>La m\u00ednima ser\u00e1 de 15 grados y la m\u00e1xima llegar\u00e1 a los 24.<\/strong><\/p>\n\n\n\n<p>El&nbsp;<strong>viernes<\/strong>&nbsp;cambian las condiciones y hay altas probabilidades de&nbsp;<strong>viento Zonda<\/strong>. De acuerdo con el reporte oficial, el fen\u00f3meno podr\u00eda descender al llano.<\/p>\n\n\n\n<p>Adem\u00e1s, se prev\u00e9n nevadas en cordillera. Para esa jornada&nbsp;<strong>la m\u00ednima ser\u00e1 de 15 grados y la m\u00e1xima llegar\u00eda a los 31.<\/strong><\/p>\n\n\n\n<p><strong>Fuente: www.elsol.com.ar<\/strong><\/p>\n","protected":false},"excerpt":{"rendered":"<p>Tal como estaba anunciado por los principales modelos meteorol\u00f3gicos, este&nbsp;mi\u00e9rcoles&nbsp;el cielo estar\u00e1 parcialmente nublado y habr\u00e1 poco cambio de la temperatura. Adem\u00e1s, la Direcci\u00f3n de Contingencias Clim\u00e1ticas indica:&nbsp;\u201cPrecipitaciones en el centro y sur provincial\u201d.&nbsp;La m\u00ednima ser\u00e1 de 14 grados y la m\u00e1xima de 25. De acuerdo con el organismo,&nbsp;las lluvias tambi\u00e9n podr\u00edan registrarse en el [&hellip;]<\/p>\n","protected":false},"author":2,"featured_media":12600,"comment_status":"open","ping_status":"open","sticky":false,"template":"","format":"standard","meta":[],"categories":[52],"tags":[],"_links":{"self":[{"href":"https:\/\/pasaenmendoza.com\/index.php?rest_route=\/wp\/v2\/posts\/12599"}],"collection":[{"href":"https:\/\/pasaenmendoza.com\/index.php?rest_route=\/wp\/v2\/posts"}],"about":[{"href":"https:\/\/pasaenmendoza.com\/index.php?rest_route=\/wp\/v2\/types\/post"}],"author":[{"embeddable":true,"href":"https:\/\/pasaenmendoza.com\/index.php?rest_route=\/wp\/v2\/users\/2"}],"replies":[{"embeddable":true,"href":"https:\/\/pasaenmendoza.com\/index.php?rest_route=%2Fwp%2Fv2%2Fcomments&post=12599"}],"version-history":[{"count":2,"href":"https:\/\/pasaenmendoza.com\/index.php?rest_route=\/wp\/v2\/posts\/12599\/revisions"}],"predecessor-version":[{"id":12605,"href":"https:\/\/pasaenmendoza.com\/index.php?rest_route=\/wp\/v2\/posts\/12599\/revisions\/12605"}],"wp:featuredmedia":[{"embeddable":true,"href":"https:\/\/pasaenmendoza.com\/index.php?rest_route=\/wp\/v2\/media\/12600"}],"wp:attachment":[{"href":"https:\/\/pasaenmendoza.com\/index.php?rest_route=%2Fwp%2Fv2%2Fmedia&parent=12599"}],"wp:term":[{"taxonomy":"category","embeddable":true,"href":"https:\/\/pasaenmendoza.com\/index.php?rest_route=%2Fwp%2Fv2%2Fcategories&post=12599"},{"taxonomy":"post_tag","embeddable":true,"href":"https:\/\/pasaenmendoza.com\/index.php?rest_route=%2Fwp%2Fv2%2Ftags&post=12599"}],"curies":[{"name":"wp","href":"https:\/\/api.w.org\/{rel}","templated":true}]}}