{"id":1260,"date":"2023-09-07T14:31:50","date_gmt":"2023-09-07T12:31:50","guid":{"rendered":"https:\/\/pasaenmendoza.com\/?p=1260"},"modified":"2023-09-07T14:31:51","modified_gmt":"2023-09-07T12:31:51","slug":"solo-1-de-18-municipios-no-presento-rendicion-al-tribunal-de-cuentas-las-heras","status":"publish","type":"post","link":"https:\/\/pasaenmendoza.com\/?p=1260","title":{"rendered":"S\u00f3lo 1 de 18 municipios no present\u00f3 rendici\u00f3n al Tribunal de Cuentas: Las Heras"},"content":{"rendered":"\n<p> Venci\u00f3 el plazo establecido en la Ley de Responsabilidad Fiscal para la presentaci\u00f3n del informe del segundo trimestre. Qu\u00e9 deb\u00edan enviar y no mandaron.<\/p>\n\n\n\n<p>El 3<strong>1 de agosto venci\u00f3 el plazo<\/strong>\u00a0previsto en la\u00a0<strong>Ley de Responsabilidad Fiscal<\/strong>\u00a0para que las municipalidades de Mendoza presenten el informe del segundo trimestre (abril, mayo y junio) al Tribunal de Cuentas. Todos los municipios lo hicieron, menos uno.<\/p>\n\n\n\n<p>En medio de una gesti\u00f3n comunal atravesada por esc\u00e1ndalos de diversa \u00edndole,\u00a0<strong>Las Heras<\/strong>\u00a0fue el \u00fanico municipio que incumpli\u00f3 con el plazo previsto y, hasta la publicaci\u00f3n de esta nota,\u00a0<strong>no rindi\u00f3 cuentas de lo actuado en abril, mayo y junio de este a\u00f1o.<\/strong><\/p>\n\n\n\n<p>El dato surge a partir del<strong>\u00a0registro p\u00fablico del Tribunal de Cuentas<\/strong>, de acceso libre y gratuito, donde se enumeran 17 comunas en el apartado &#8220;Organismos que cumplieron con todos los requisitos&#8221;, mientras que una sola,\u00a0<strong>Las Heras<\/strong>, aparece en\u00a0<strong>&#8220;Organismos que no realizaron presentaci\u00f3n alguna&#8221;.<\/strong><\/p>\n\n\n\n<p>A partir de este incumplimiento,&nbsp;<strong>se prev\u00e9 una intimaci\u00f3n del Tribunal de Cuentas<\/strong>, que encabeza justamente un lasherino, N\u00e9stor Par\u00e9s, y&nbsp;<strong>si el municipio se mantiene por fuera de la ley, corresponder\u00e1 una sanci\u00f3n econ\u00f3mica<\/strong>.<\/p>\n\n\n\n<p>Vale recordar que en este periodo, por el que a\u00fan no hay un balance presentado en el Tribunal de Cuentas,&nbsp;<strong>se fue de Las Heras el director de Contadur\u00eda, Javier Tol\u00edn<\/strong>, junto con otros tantos funcionarios que renunciaron enfrentados con el intendente.<\/p>\n\n\n\n<p>M\u00e1s all\u00e1 de la sanci\u00f3n que podr\u00eda aplicarse si sigue por fuera de la ley, algo que no representar\u00eda una suma de dinero muy elevada, en lo simb\u00f3lico representa otra mancha m\u00e1s al\u00a0<strong>r\u00e9gimen de Orozco<\/strong>, que adem\u00e1s mantiene en su equipo a funcionarios imputados y otros tantos investigados.<\/p>\n\n\n\n<p><\/p>\n\n\n\n<figure class=\"wp-block-image\"><img decoding=\"async\" src=\"https:\/\/www.memo.com.ar\/files\/image\/58\/58578\/64f8e9865c866.jpg\" alt=\"\"\/><\/figure>\n\n\n\n<h3 class=\"wp-block-heading\">Qu\u00e9 deben presentar los municipios<\/h3>\n\n\n\n<p>La&nbsp;<strong>Ley de Responsabilidad Fiscal&nbsp;<\/strong>establece que, finalizado cada trimestre, &#8220;los municipios deber\u00e1n presentar por escrito y en soporte magn\u00e9tico ante el Tribunal de Cuentas y las Comisiones de Hacienda y Presupuesto de los Concejos Deliberantes, un&nbsp;<strong>Informe de Gesti\u00f3n&#8221; que incluya:<\/strong><\/p>\n\n\n\n<p><strong>a)<\/strong>&nbsp;Ejecuci\u00f3n Presupuestaria Trimestral del Departamento Ejecutivo y Concejo Deliberante.<\/p>\n\n\n\n<p><strong>b)<\/strong>&nbsp;Detalle de Planta de Personal Permanente y Transitoria, Contratos de Locaci\u00f3n de Servicios, Locaci\u00f3n de Obras y\/o cualquier otra relaci\u00f3n que implique erogaciones en personal de los departamentos Ejecutivos y Deliberativos. El detalle deber\u00e1 incluir cargos y montos.<\/p>\n\n\n\n<p><strong>c)&nbsp;<\/strong>Evoluci\u00f3n del stock de Deuda P\u00fablica Consolidada y Flotante por tipo de acreedor.<\/p>\n\n\n\n<p><strong>d)&nbsp;<\/strong>Informe de morosidad sobre cada uno de los derechos , tasas municipales y reembolsos, aplicados por el municipio, conteniendo detalle de: facturaci\u00f3n, recaudaci\u00f3n del ejercicio, recupero de ejercicios anteriores, ranking, como m\u00ednimo, de los cincuenta (50) principales contribuyentes morosos por cada recurso, estado de situaci\u00f3n de la deuda de cada uno (plan de pago, juicio, reclamo administrativo, concurso).<\/p>\n\n\n\n<p><strong>e)<\/strong>&nbsp;Estimaci\u00f3n del Gasto Tributario por derecho y\/o tasa, entendi\u00e9ndose por Gasto Tributario a los recursos fiscales dejados de percibir como consecuencia de exenciones impositivas otorgadas (en el ejercicio corriente y en ejercicios anteriores). El Gasto Tributario ser\u00e1 informado una \u00fanica vez en el a\u00f1o y estar\u00e1 referido al ejercicio fiscal vencido.<\/p>\n\n\n\n<p><strong>f)<\/strong>&nbsp;Detalle de juicios en ejecuci\u00f3n a favor y en contra del Municipio, indicando en cada caso una estimaci\u00f3n del monto.<\/p>\n\n\n\n<p><strong>g)<\/strong>&nbsp;Detalle de los juicios perdidos y ejecutados como gasto en el trimestre anterior as\u00ed como los juicios ganados y cobrados en el trimestre anterior.<\/p>\n\n\n\n<p><strong>h)<\/strong>&nbsp;Listado de saldo de cada una de las cuentas corrientes al \u00faltimo d\u00eda del ejercicio anterior y de cada trimestre, como asimismo el detalle de toda inversi\u00f3n financiera con detalle del tipo e instituci\u00f3n.<\/p>\n\n\n\n<h3 class=\"wp-block-heading\">Las Heras: todas las causas judiciales<\/h3>\n\n\n\n<p>Las Heras es el \u00fanico municipio que no present\u00f3 el balance del segundo trimestre en el Tribunal de Cuentas, y tambi\u00e9n la&nbsp;<strong>\u00fanica comuna con una decena de causas judiciales abiertas<\/strong>&nbsp;por presuntos&nbsp;<strong>delitos cometidos por funcionarios.<\/strong><\/p>\n\n\n\n<p>En la causa &#8220;<strong>cooperativas<\/strong>&#8220;, est\u00e1n imputados el subsecretario de Pol\u00edticas Sociales,<strong>\u00a0Osvaldo Oyhenart<\/strong>; su yerno,\u00a0<strong>Juan Pablo Pandolfi<\/strong>; y un puntero pol\u00edtico,\u00a0<strong>Adri\u00e1n &#8220;El Moco&#8221; P\u00e9rez<\/strong>. Adem\u00e1s, el intendente\u00a0<strong>Daniel Orozco<\/strong>\u00a0y su esposa y secretaria de Gobierno,\u00a0<strong>Janina Ortiz<\/strong>, fueron citados a declaraci\u00f3n informativa, y ambos\u00a0<strong>se abstuvieron.<\/strong><\/p>\n\n\n\n<p>Por otra parte, hay\u00a0<strong>dos causas\u00a0<\/strong>abiertas por\u00a0<strong>coacci\u00f3n<\/strong>. En una de ellas est\u00e1n imputadas\u00a0<strong>Patricia Rivero<\/strong>, directora de Relaciones con la Comunidad; y su hija,\u00a0<strong>Carolina Mur\u00faa<\/strong>, supervisora del \u00e1rea. En la otra causa por coacci\u00f3n, hay una<strong>\u00a0imputaci\u00f3n pendiente<\/strong>\u00a0con apelaci\u00f3n en curso<strong>\u00a0contra Janina Ortiz<\/strong>.<\/p>\n\n\n\n<p>El excoordinador de Juventudes y empleado municipal,&nbsp;<strong>Franco Cortez<\/strong>, est\u00e1 imputado por&nbsp;<strong>violaci\u00f3n<\/strong>&nbsp;contra una empleada de la comuna, al igual que&nbsp;<strong>Guillermo Bustos<\/strong>, exdirector de Capital Humano, imputado por&nbsp;<strong>abuso sexual simple<\/strong>&nbsp;en dos hechos contra otra empleada.<\/p>\n\n\n\n<p>Hay otro funcionario imputado por presuntamente armar&nbsp;<strong>listas negras<\/strong>&nbsp;de empleados municipales -formalmente, fue imputado por abuso de poder e incumplimiento de deberes de funcionario p\u00fablico-. Se trata de&nbsp;<strong>Sergio Ver\u00f3n<\/strong>, actual director de Capital Humano.<\/p>\n\n\n\n<p>Por \u00faltimo,\u00a0<strong>el matrimonio Orozco-Ortiz fue denunciado por encubrimiento<\/strong>\u00a0y esa causa se encuentra en etapa de instrucci\u00f3n.<\/p>\n\n\n\n<p>FUENTE: memo.com.ar<\/p>\n","protected":false},"excerpt":{"rendered":"<p>Venci\u00f3 el plazo establecido en la Ley de Responsabilidad Fiscal para la presentaci\u00f3n del informe del segundo trimestre. Qu\u00e9 deb\u00edan enviar y no mandaron. El 31 de agosto venci\u00f3 el plazo\u00a0previsto en la\u00a0Ley de Responsabilidad Fiscal\u00a0para que las municipalidades de Mendoza presenten el informe del segundo trimestre (abril, mayo y junio) al Tribunal de Cuentas. [&hellip;]<\/p>\n","protected":false},"author":2,"featured_media":1261,"comment_status":"open","ping_status":"open","sticky":true,"template":"","format":"standard","meta":[],"categories":[47],"tags":[],"_links":{"self":[{"href":"https:\/\/pasaenmendoza.com\/index.php?rest_route=\/wp\/v2\/posts\/1260"}],"collection":[{"href":"https:\/\/pasaenmendoza.com\/index.php?rest_route=\/wp\/v2\/posts"}],"about":[{"href":"https:\/\/pasaenmendoza.com\/index.php?rest_route=\/wp\/v2\/types\/post"}],"author":[{"embeddable":true,"href":"https:\/\/pasaenmendoza.com\/index.php?rest_route=\/wp\/v2\/users\/2"}],"replies":[{"embeddable":true,"href":"https:\/\/pasaenmendoza.com\/index.php?rest_route=%2Fwp%2Fv2%2Fcomments&post=1260"}],"version-history":[{"count":1,"href":"https:\/\/pasaenmendoza.com\/index.php?rest_route=\/wp\/v2\/posts\/1260\/revisions"}],"predecessor-version":[{"id":1262,"href":"https:\/\/pasaenmendoza.com\/index.php?rest_route=\/wp\/v2\/posts\/1260\/revisions\/1262"}],"wp:featuredmedia":[{"embeddable":true,"href":"https:\/\/pasaenmendoza.com\/index.php?rest_route=\/wp\/v2\/media\/1261"}],"wp:attachment":[{"href":"https:\/\/pasaenmendoza.com\/index.php?rest_route=%2Fwp%2Fv2%2Fmedia&parent=1260"}],"wp:term":[{"taxonomy":"category","embeddable":true,"href":"https:\/\/pasaenmendoza.com\/index.php?rest_route=%2Fwp%2Fv2%2Fcategories&post=1260"},{"taxonomy":"post_tag","embeddable":true,"href":"https:\/\/pasaenmendoza.com\/index.php?rest_route=%2Fwp%2Fv2%2Ftags&post=1260"}],"curies":[{"name":"wp","href":"https:\/\/api.w.org\/{rel}","templated":true}]}}