{"id":12602,"date":"2025-04-23T15:22:29","date_gmt":"2025-04-23T13:22:29","guid":{"rendered":"https:\/\/pasaenmendoza.com\/?p=12602"},"modified":"2025-04-23T15:22:30","modified_gmt":"2025-04-23T13:22:30","slug":"un-accidente-en-el-acceso-este-provoco-caos-en-el-ingreso-a-la-ciudad","status":"publish","type":"post","link":"https:\/\/pasaenmendoza.com\/?p=12602","title":{"rendered":"Un accidente en el Acceso Este provoc\u00f3 caos en el ingreso a la Ciudad"},"content":{"rendered":"\n<p>Un&nbsp;<strong>accidente de tr\u00e1nsito<\/strong>&nbsp;provoc\u00f3 un importante caos vehicular en el&nbsp;<strong>Acceso Este<\/strong>, en la mano que va en direcci\u00f3n que va hacia el oeste, en el ingreso a la Ciudad de Mendoza.<\/p>\n\n\n\n<p>Seg\u00fan las primeras informaciones, el accidente ocurri\u00f3 cerca de las 7 de la ma\u00f1ana, cuando\u00a0<strong>un peat\u00f3n intent\u00f3 cruzar el carril a la altura del Predio de la Virgen<\/strong>\u00a0-a metros de una pasarela peatonal- y fue impactado por un veh\u00edculo que circulaba en direcci\u00f3n este-oeste.<\/p>\n\n\n\n<p>Tras el impacto, el veh\u00edculo fren\u00f3 y fue chocado por otro auto que ven\u00eda por detr\u00e1s, generando m\u00e1s inconvenientes en el tr\u00e1fico. Pero no qued\u00f3 ah\u00ed, sino que se produjo una colisi\u00f3n en&nbsp;<strong>cadena&nbsp;<\/strong>con tres autos que complic\u00f3 a\u00fan m\u00e1s la situaci\u00f3n en el Acceso.<\/p>\n\n\n\n<p>El peat\u00f3n atropellado fue trasladado por el Servicio de Emergencia Coordinado (SEC) al Hospital Central y&nbsp;<strong>est\u00e1 fuera de peligro.<\/strong><\/p>\n\n\n\n<p>Por el incidente, se debi\u00f3 cortar uno de los carriles, provocando una fila kilom\u00e9trica de veh\u00edculos para ingresar a la Capital.<\/p>\n\n\n\n<p><strong>Fuente: www.elsol.com.ar<\/strong><\/p>\n","protected":false},"excerpt":{"rendered":"<p>Un&nbsp;accidente de tr\u00e1nsito&nbsp;provoc\u00f3 un importante caos vehicular en el&nbsp;Acceso Este, en la mano que va en direcci\u00f3n que va hacia el oeste, en el ingreso a la Ciudad de Mendoza. Seg\u00fan las primeras informaciones, el accidente ocurri\u00f3 cerca de las 7 de la ma\u00f1ana, cuando\u00a0un peat\u00f3n intent\u00f3 cruzar el carril a la altura del Predio [&hellip;]<\/p>\n","protected":false},"author":2,"featured_media":12603,"comment_status":"open","ping_status":"open","sticky":false,"template":"","format":"standard","meta":[],"categories":[48],"tags":[],"_links":{"self":[{"href":"https:\/\/pasaenmendoza.com\/index.php?rest_route=\/wp\/v2\/posts\/12602"}],"collection":[{"href":"https:\/\/pasaenmendoza.com\/index.php?rest_route=\/wp\/v2\/posts"}],"about":[{"href":"https:\/\/pasaenmendoza.com\/index.php?rest_route=\/wp\/v2\/types\/post"}],"author":[{"embeddable":true,"href":"https:\/\/pasaenmendoza.com\/index.php?rest_route=\/wp\/v2\/users\/2"}],"replies":[{"embeddable":true,"href":"https:\/\/pasaenmendoza.com\/index.php?rest_route=%2Fwp%2Fv2%2Fcomments&post=12602"}],"version-history":[{"count":1,"href":"https:\/\/pasaenmendoza.com\/index.php?rest_route=\/wp\/v2\/posts\/12602\/revisions"}],"predecessor-version":[{"id":12604,"href":"https:\/\/pasaenmendoza.com\/index.php?rest_route=\/wp\/v2\/posts\/12602\/revisions\/12604"}],"wp:featuredmedia":[{"embeddable":true,"href":"https:\/\/pasaenmendoza.com\/index.php?rest_route=\/wp\/v2\/media\/12603"}],"wp:attachment":[{"href":"https:\/\/pasaenmendoza.com\/index.php?rest_route=%2Fwp%2Fv2%2Fmedia&parent=12602"}],"wp:term":[{"taxonomy":"category","embeddable":true,"href":"https:\/\/pasaenmendoza.com\/index.php?rest_route=%2Fwp%2Fv2%2Fcategories&post=12602"},{"taxonomy":"post_tag","embeddable":true,"href":"https:\/\/pasaenmendoza.com\/index.php?rest_route=%2Fwp%2Fv2%2Ftags&post=12602"}],"curies":[{"name":"wp","href":"https:\/\/api.w.org\/{rel}","templated":true}]}}