{"id":12612,"date":"2025-04-23T23:46:35","date_gmt":"2025-04-23T21:46:35","guid":{"rendered":"https:\/\/pasaenmendoza.com\/?p=12612"},"modified":"2025-04-23T23:46:36","modified_gmt":"2025-04-23T21:46:36","slug":"se-cayo-el-acuerdo-entre-traumatologos-y-clinicas-que-atienden-pami","status":"publish","type":"post","link":"https:\/\/pasaenmendoza.com\/?p=12612","title":{"rendered":"Se cay\u00f3 el acuerdo entre traumat\u00f3logos y cl\u00ednicas que atienden PAMI"},"content":{"rendered":"\n<p>El acuerdo entre los<strong>\u00a0traumat\u00f3logos\u00a0<\/strong>de Mendoza que atienden a afilados de<strong>\u00a0PAMI<\/strong>\u00a0y la Asociaci\u00f3n de Cl\u00ednicas y Sanatorios (Aclisa) dur\u00f3 poco y nada. Este mi\u00e9rcoles pasado el mediod\u00eda se dio marcha atr\u00e1s y los pacientes siguen sin atenci\u00f3n.<\/p>\n\n\n\n<p>La informaci\u00f3n cambia minuto a minuto.\u00a0Hasta avanzada la ma\u00f1ana especialistas manten\u00edan un acuerdo provisorio para atender por 60 d\u00edas las urgencias y emergencias pero no cirug\u00edas programadas; a cambio de que las cl\u00ednicas les pagasen los valores de OSEP, mientras se resolv\u00eda el conflicto de fondo.<\/p>\n\n\n\n<p>Sin embargo, un detalle hizo caer el convenio y la propuesta de las cl\u00ednicas fue rechazada.<\/p>\n\n\n\n<p>Seg\u00fan confiaron, los traumat\u00f3logos pretenden que tanto el acuerdo como los pagos no sean individuales, como pretende Aclisa, sino que pasen por la entidad que los nuclea, es decir, la Asociaci\u00f3n Mendocina de Ortopedia y Traumatolog\u00eda de Mendoza (AMOT).<\/p>\n\n\n\n<h2 class=\"wp-block-heading\">Acuerdo fallido entre cl\u00ednicas y traumat\u00f3logos<\/h2>\n\n\n\n<p>&#8220;No se solucion\u00f3 nada&#8221;, dijeron desde&nbsp;<strong>Aclisa&nbsp;<\/strong>sin ofrecer m\u00e1s detalles ante la situaci\u00f3n cambiante.<\/p>\n\n\n\n<p>En tanto, los representantes de los&nbsp;<strong>traumat\u00f3logos<\/strong>&nbsp;gestionar\u00e1n reuniones con&nbsp;<strong>PAMI<\/strong>&nbsp;nacional para buscar un aumento para las prestaciones que realizan a los afiliados, por lo que esperan un respaldo de Rodolfo Montero.<\/p>\n\n\n\n<h2 class=\"wp-block-heading\">Qu\u00e9 es lo que piden los traumat\u00f3logos de PAMI<\/h2>\n\n\n\n<p>Seg\u00fan manifest\u00f3 Jos\u00e9 Luis S\u00e1nchez Rivas, presidente de la&nbsp;<strong>Asociaci\u00f3n de Cl\u00ednicas y Sanatorios de Mendoza<\/strong>, los&nbsp;<strong>traumat\u00f3logos&nbsp;<\/strong>ped\u00edan un aumento de entre el 300% y 400% a PAMI. Seg\u00fan el representante de Aclisa, las cl\u00ednicas no podr\u00edan responder a las exigencias econ\u00f3micas de los especialistas.<\/p>\n\n\n\n<p>Estas exigencias incluyen, adem\u00e1s, que se les pague por prestaci\u00f3n, lo que para S\u00e1nchez Rivas es &#8220;inviable&#8221;, dado que las&nbsp;<strong>cl\u00ednicas&nbsp;<\/strong>reciben un monto fijo por c\u00e1pita del&nbsp;<strong>PAMI<\/strong>.<\/p>\n\n\n\n<p>En estas declaraciones, el m\u00e9dico puso \u00e9nfasis en la gravedad de no dar respuesta a las<strong>&nbsp;urgencias<\/strong>&nbsp;y emergencias, situaci\u00f3n que parec\u00eda resolverse al menos por dos meses, pero que finalmente se mantiene.<\/p>\n\n\n\n<h2 class=\"wp-block-heading\">C\u00f3mo se desarroll\u00f3 el conflicto de los traumat\u00f3logos con PAMI<\/h2>\n\n\n\n<p>El conflicto de los traumat\u00f3logos con&nbsp;<strong>PAMI<\/strong>&nbsp;comenz\u00f3 el 1 de abril, cuando estos profesionales decidieron dejar de atender a los afiliados de esta obra social, por no estar de acuerdo con lo que percib\u00edan por prestaci\u00f3n realizada.<\/p>\n\n\n\n<p>En esta oportunidad, explicaron que los reclamos a la mutual de los&nbsp;<strong>jubilados<\/strong>, comenzaron en noviembre del 2024, fueron reiterados y no hubo respuesta.<\/p>\n\n\n\n<p>Lo complejo del problema es que, mientras los<strong>&nbsp;traumat\u00f3logos<\/strong>&nbsp;nucleados en la Asociaci\u00f3n Mendocina de Ortopedia y Traumatolog\u00eda (Amot) renunciaron a atender a los afiliados de PAMI, del otro lado de la negociaci\u00f3n, se multiplicaron los interlocutores. Por un lado, estos especialistas manifestaron que el problema central no era con&nbsp;<strong>PAMI<\/strong>, sino con las cl\u00ednicas y sanatorios, que son quienes deben pagarles. Pero desde esta entidad, aseguraban que la c\u00e1pita de las prestaciones la coloca&nbsp;<strong>PAMI&nbsp;<\/strong>y no ellos, por lo que el aumento debe ser solicitado a la mutual de la que en Mendoza dependen 247.000 afiliados.<\/p>\n\n\n\n<p>La complicaci\u00f3n de la disputa entre traumat\u00f3logos,\u00a0<strong>PAMI\u00a0<\/strong>y las cl\u00ednicas llev\u00f3 al Ministerio de Salud de Mendoza a intermediar. Esta negociaci\u00f3n parec\u00eda haber encontrado un principio de tregua pero finalmente esta instancia a\u00fan no llega.<\/p>\n\n\n\n<p><strong>Fuente: www.diariouno.com.ar<\/strong><\/p>\n","protected":false},"excerpt":{"rendered":"<p>El acuerdo entre los\u00a0traumat\u00f3logos\u00a0de Mendoza que atienden a afilados de\u00a0PAMI\u00a0y la Asociaci\u00f3n de Cl\u00ednicas y Sanatorios (Aclisa) dur\u00f3 poco y nada. Este mi\u00e9rcoles pasado el mediod\u00eda se dio marcha atr\u00e1s y los pacientes siguen sin atenci\u00f3n. La informaci\u00f3n cambia minuto a minuto.\u00a0Hasta avanzada la ma\u00f1ana especialistas manten\u00edan un acuerdo provisorio para atender por 60 d\u00edas [&hellip;]<\/p>\n","protected":false},"author":2,"featured_media":12613,"comment_status":"open","ping_status":"open","sticky":false,"template":"","format":"standard","meta":[],"categories":[89],"tags":[],"_links":{"self":[{"href":"https:\/\/pasaenmendoza.com\/index.php?rest_route=\/wp\/v2\/posts\/12612"}],"collection":[{"href":"https:\/\/pasaenmendoza.com\/index.php?rest_route=\/wp\/v2\/posts"}],"about":[{"href":"https:\/\/pasaenmendoza.com\/index.php?rest_route=\/wp\/v2\/types\/post"}],"author":[{"embeddable":true,"href":"https:\/\/pasaenmendoza.com\/index.php?rest_route=\/wp\/v2\/users\/2"}],"replies":[{"embeddable":true,"href":"https:\/\/pasaenmendoza.com\/index.php?rest_route=%2Fwp%2Fv2%2Fcomments&post=12612"}],"version-history":[{"count":1,"href":"https:\/\/pasaenmendoza.com\/index.php?rest_route=\/wp\/v2\/posts\/12612\/revisions"}],"predecessor-version":[{"id":12614,"href":"https:\/\/pasaenmendoza.com\/index.php?rest_route=\/wp\/v2\/posts\/12612\/revisions\/12614"}],"wp:featuredmedia":[{"embeddable":true,"href":"https:\/\/pasaenmendoza.com\/index.php?rest_route=\/wp\/v2\/media\/12613"}],"wp:attachment":[{"href":"https:\/\/pasaenmendoza.com\/index.php?rest_route=%2Fwp%2Fv2%2Fmedia&parent=12612"}],"wp:term":[{"taxonomy":"category","embeddable":true,"href":"https:\/\/pasaenmendoza.com\/index.php?rest_route=%2Fwp%2Fv2%2Fcategories&post=12612"},{"taxonomy":"post_tag","embeddable":true,"href":"https:\/\/pasaenmendoza.com\/index.php?rest_route=%2Fwp%2Fv2%2Ftags&post=12612"}],"curies":[{"name":"wp","href":"https:\/\/api.w.org\/{rel}","templated":true}]}}