{"id":12621,"date":"2025-04-24T00:30:57","date_gmt":"2025-04-23T22:30:57","guid":{"rendered":"https:\/\/pasaenmendoza.com\/?p=12621"},"modified":"2025-04-24T00:30:57","modified_gmt":"2025-04-23T22:30:57","slug":"aplicaron-68-000-dosis-contra-la-gripe-en-vacunatorios-publicos-y-advierten-faltante-en-farmacias","status":"publish","type":"post","link":"https:\/\/pasaenmendoza.com\/?p=12621","title":{"rendered":"Aplicaron 68.000 dosis contra la gripe en vacunatorios p\u00fablicos y advierten faltante en farmacias"},"content":{"rendered":"\n<p>M\u00e1s de\u00a068.000 personas se vacunaron contra la gripe\u00a0en los centros p\u00fablicos de la provincia a poco m\u00e1s de un mes del lanzamiento, el pasado 20 de marzo. A la provincia llegaron m\u00e1s de 100.000 dosis.<\/p>\n\n\n\n<p>La jefa de Inmunizaciones de Mendoza,<strong>&nbsp;Iris Aguilar<\/strong>, destac\u00f3 que hubo un buen nivel de adhesi\u00f3n de estos grupos de riesgo para los que es gratuita la&nbsp;<strong>inmunizaci\u00f3n<\/strong>&nbsp;y recalc\u00f3 que el Vacuntario Central no es el \u00fanico lugar, sino que pueden hacerlo en los distintos hospitales como Lencinas, Hospital Notti, Universitario, en la Facultad de Ciencias M\u00e9dicas de la Universidad Nacional de Cuyo (UNCuyo) y en los centros de salud, con el objetivo de evitar las demoras.<\/p>\n\n\n\n<p>Aguilar insisti\u00f3 que la\u00a0<strong>vacuna<\/strong>\u00a0est\u00e1 disponible para los grupos priorizados y no hace falta sacar turno ni hacer cola.<\/p>\n\n\n\n<p>Adem\u00e1s de las dosis contra la gripe, tambi\u00e9n se est\u00e1n administrando las de&nbsp;<strong>Covid-19<\/strong>.<\/p>\n\n\n\n<p>La jefa de Inmunizaciones de la cartera sanitaria, aclar\u00f3 que \u201ces importante remarcar que la vacuna antigripal&nbsp;<strong>no previene resfr\u00edos,<\/strong>&nbsp;catarros, faringitis o s\u00edndromes pseudogripales, sino, que tiene como objetivo&nbsp;<strong>disminuir&nbsp;<\/strong>la posibilidad de&nbsp;<strong>complicaciones graves<\/strong>&nbsp;en los grupos de riesgo\u201d.<\/p>\n\n\n\n<p>\u201cEstas nuevas cepas del 2025 est\u00e1n destinadas, como decimos siempre, a personal de salud,&nbsp;<strong>ni\u00f1os entre 6 y 24 meses<\/strong>, embarazadas en cualquier etapa del embarazo, pu\u00e9rperas hasta diez d\u00edas despu\u00e9s del parto y, por supuesto, adultos mayores de 65 a\u00f1os. Adem\u00e1s (abarca a) los menores de 64 a\u00f1os con alguna de las enfermedades incluidas en los lineamientos de vacunaci\u00f3n con antigripal, exhibiendo certificado m\u00e9dico o documentaci\u00f3n que avale el diagn\u00f3stico\u201d, detall\u00f3.<\/p>\n\n\n\n<h2 class=\"wp-block-heading\">Hay faltante de vacunas en las farmacias<\/h2>\n\n\n\n<p>Desde el\u00a0<strong>Colegio de Farmac\u00e9uticos de Mendoza<\/strong>\u00a0admitieron que hay\u00a0<strong>faltante<\/strong>\u00a0de algunas marcas de vacunas y consideraron que esta situaci\u00f3n se normalizar\u00e1 a la brevedad. La campa\u00f1a de vacunaci\u00f3n durar\u00e1 hasta mayo y los pacientes con cobertura tienen un descuento del 40%. El valor promedio de las vacunas es de 50.000 pesos.<\/p>\n\n\n\n<p><strong>Fuente: www.diariouno.com.ar<\/strong><\/p>\n","protected":false},"excerpt":{"rendered":"<p>M\u00e1s de\u00a068.000 personas se vacunaron contra la gripe\u00a0en los centros p\u00fablicos de la provincia a poco m\u00e1s de un mes del lanzamiento, el pasado 20 de marzo. A la provincia llegaron m\u00e1s de 100.000 dosis. La jefa de Inmunizaciones de Mendoza,&nbsp;Iris Aguilar, destac\u00f3 que hubo un buen nivel de adhesi\u00f3n de estos grupos de riesgo [&hellip;]<\/p>\n","protected":false},"author":2,"featured_media":12622,"comment_status":"open","ping_status":"open","sticky":false,"template":"","format":"standard","meta":[],"categories":[58],"tags":[],"_links":{"self":[{"href":"https:\/\/pasaenmendoza.com\/index.php?rest_route=\/wp\/v2\/posts\/12621"}],"collection":[{"href":"https:\/\/pasaenmendoza.com\/index.php?rest_route=\/wp\/v2\/posts"}],"about":[{"href":"https:\/\/pasaenmendoza.com\/index.php?rest_route=\/wp\/v2\/types\/post"}],"author":[{"embeddable":true,"href":"https:\/\/pasaenmendoza.com\/index.php?rest_route=\/wp\/v2\/users\/2"}],"replies":[{"embeddable":true,"href":"https:\/\/pasaenmendoza.com\/index.php?rest_route=%2Fwp%2Fv2%2Fcomments&post=12621"}],"version-history":[{"count":1,"href":"https:\/\/pasaenmendoza.com\/index.php?rest_route=\/wp\/v2\/posts\/12621\/revisions"}],"predecessor-version":[{"id":12623,"href":"https:\/\/pasaenmendoza.com\/index.php?rest_route=\/wp\/v2\/posts\/12621\/revisions\/12623"}],"wp:featuredmedia":[{"embeddable":true,"href":"https:\/\/pasaenmendoza.com\/index.php?rest_route=\/wp\/v2\/media\/12622"}],"wp:attachment":[{"href":"https:\/\/pasaenmendoza.com\/index.php?rest_route=%2Fwp%2Fv2%2Fmedia&parent=12621"}],"wp:term":[{"taxonomy":"category","embeddable":true,"href":"https:\/\/pasaenmendoza.com\/index.php?rest_route=%2Fwp%2Fv2%2Fcategories&post=12621"},{"taxonomy":"post_tag","embeddable":true,"href":"https:\/\/pasaenmendoza.com\/index.php?rest_route=%2Fwp%2Fv2%2Ftags&post=12621"}],"curies":[{"name":"wp","href":"https:\/\/api.w.org\/{rel}","templated":true}]}}