{"id":12625,"date":"2025-04-24T23:42:46","date_gmt":"2025-04-24T21:42:46","guid":{"rendered":"https:\/\/pasaenmendoza.com\/?p=12625"},"modified":"2025-04-24T23:42:47","modified_gmt":"2025-04-24T21:42:47","slug":"el-gobierno-convoco-al-consejo-del-salario-para-fijar-un-nuevo-piso-antes-del-1-de-mayo","status":"publish","type":"post","link":"https:\/\/pasaenmendoza.com\/?p=12625","title":{"rendered":"El Gobierno convoc\u00f3 al Consejo del Salario para fijar un nuevo piso antes del 1\u00b0 de mayo"},"content":{"rendered":"\n<p>El\u00a0Gobierno nacional\u00a0<strong>convoc\u00f3 al Consejo del Salario M\u00ednimo, Vital y M\u00f3vil para el martes 29 de abril<\/strong>\u00a0con el objetivo de actualizar el\u00a0haber m\u00ednimo\u00a0y los valores de la prestaci\u00f3n por desempleo. El encuentro ser\u00e1 de car\u00e1cter virtual y contar\u00e1 con la participaci\u00f3n de representantes sindicales, empresariales y estatales, y se realizar\u00e1 en dos turnos: a las 10 horas se reunir\u00e1 la comisi\u00f3n t\u00e9cnica y a las 12.30 ser\u00e1 el plenario ordinario.<\/p>\n\n\n\n<p><strong>La medida fue formalizada mediante la Resoluci\u00f3n 1\/2025 de la\u00a0Secretar\u00eda de Trabajo, publicada este jueves en el Bolet\u00edn Oficial<\/strong>. Seg\u00fan el texto oficial, \u201cresulta pertinente decidir la convocatoria a sesi\u00f3n plenaria ordinaria\u201d del \u00f3rgano tripartito, en busca de mejorar los ingresos frente a la inflaci\u00f3n. Tambi\u00e9n se design\u00f3 como presidenta alterna del Consejo a la subsecretaria de Relaciones del Trabajo, Claudia Testa.<\/p>\n\n\n\n<p>La convocatoria llega en un contexto de p\u00e9rdida del poder adquisitivo: en el primer trimestre del a\u00f1o, el salario m\u00ednimo subi\u00f3 apenas un 3,53%, frente a una inflaci\u00f3n acumulada del 8,6%. El \u00faltimo ajuste oficial fue decidido por el Ejecutivo en diciembre de 2024, ante la falta de acuerdo entre las partes, y se concret\u00f3 en cuatro tramos entre diciembre y marzo, totalizando un 9,3% de incremento.<\/p>\n\n\n\n<p>Actualmente, el salario m\u00ednimo para trabajadores mensualizados se ubica en $296.832, mientras que para los empleados jornalizados la hora se paga a $1.484. Con esta nueva convocatoria, el Gobierno busca acercar posiciones y recomponer parcialmente los ingresos b\u00e1sicos antes del D\u00eda del Trabajador.<\/p>\n\n\n\n<p><strong>Fuente: www.diariomendoza.com.ar<\/strong><\/p>\n","protected":false},"excerpt":{"rendered":"<p>El\u00a0Gobierno nacional\u00a0convoc\u00f3 al Consejo del Salario M\u00ednimo, Vital y M\u00f3vil para el martes 29 de abril\u00a0con el objetivo de actualizar el\u00a0haber m\u00ednimo\u00a0y los valores de la prestaci\u00f3n por desempleo. El encuentro ser\u00e1 de car\u00e1cter virtual y contar\u00e1 con la participaci\u00f3n de representantes sindicales, empresariales y estatales, y se realizar\u00e1 en dos turnos: a las 10 [&hellip;]<\/p>\n","protected":false},"author":2,"featured_media":12626,"comment_status":"open","ping_status":"open","sticky":false,"template":"","format":"standard","meta":[],"categories":[47],"tags":[],"_links":{"self":[{"href":"https:\/\/pasaenmendoza.com\/index.php?rest_route=\/wp\/v2\/posts\/12625"}],"collection":[{"href":"https:\/\/pasaenmendoza.com\/index.php?rest_route=\/wp\/v2\/posts"}],"about":[{"href":"https:\/\/pasaenmendoza.com\/index.php?rest_route=\/wp\/v2\/types\/post"}],"author":[{"embeddable":true,"href":"https:\/\/pasaenmendoza.com\/index.php?rest_route=\/wp\/v2\/users\/2"}],"replies":[{"embeddable":true,"href":"https:\/\/pasaenmendoza.com\/index.php?rest_route=%2Fwp%2Fv2%2Fcomments&post=12625"}],"version-history":[{"count":1,"href":"https:\/\/pasaenmendoza.com\/index.php?rest_route=\/wp\/v2\/posts\/12625\/revisions"}],"predecessor-version":[{"id":12627,"href":"https:\/\/pasaenmendoza.com\/index.php?rest_route=\/wp\/v2\/posts\/12625\/revisions\/12627"}],"wp:featuredmedia":[{"embeddable":true,"href":"https:\/\/pasaenmendoza.com\/index.php?rest_route=\/wp\/v2\/media\/12626"}],"wp:attachment":[{"href":"https:\/\/pasaenmendoza.com\/index.php?rest_route=%2Fwp%2Fv2%2Fmedia&parent=12625"}],"wp:term":[{"taxonomy":"category","embeddable":true,"href":"https:\/\/pasaenmendoza.com\/index.php?rest_route=%2Fwp%2Fv2%2Fcategories&post=12625"},{"taxonomy":"post_tag","embeddable":true,"href":"https:\/\/pasaenmendoza.com\/index.php?rest_route=%2Fwp%2Fv2%2Ftags&post=12625"}],"curies":[{"name":"wp","href":"https:\/\/api.w.org\/{rel}","templated":true}]}}