{"id":1263,"date":"2023-09-07T14:39:33","date_gmt":"2023-09-07T12:39:33","guid":{"rendered":"https:\/\/pasaenmendoza.com\/?p=1263"},"modified":"2023-09-07T14:39:34","modified_gmt":"2023-09-07T12:39:34","slug":"la-eleccion-clave-que-puede-definir-el-nuevo-poder-en-mendoza","status":"publish","type":"post","link":"https:\/\/pasaenmendoza.com\/?p=1263","title":{"rendered":"La elecci\u00f3n clave que puede definir el nuevo poder en Mendoza"},"content":{"rendered":"\n<p>En menos de 20 d\u00edas, adem\u00e1s de gobernador y vice, se deciden los gobiernos de 11 departamentos para los pr\u00f3ximos cuatro a\u00f1os. Si se repiten los resultados de las PASO, y teniendo en cuenta las comunas que eligieron intendentes y los \u201cpases\u201d a otras filas, se redefine el mapa territorial.<\/p>\n\n\n\n<p>Y el<strong>&nbsp;intendente,<\/strong>&nbsp;\u00bfde qu\u00e9 color pol\u00edtico es? En este a\u00f1o electoral tan convulsionado hay una disputa clave que puede ser influyente para determinar el nuevo esquema de poder provincial.&nbsp;&nbsp;Es que se eligen intendentes de 11 departamentos y&nbsp;el mapa pol\u00edtico territorial se puede modificar, aunque nadie apuesta que demasiado.<\/p>\n\n\n\n<p>Muchas cosas han cambiado en los \u00faltimos meses debido a los jefes comunales que se pasaron a otro frente pol\u00edtico: San Carlos, Luj\u00e1n de Cuyo y Las Heras dejaron\u00a0<strong>Cambia Mendoza\u00a0<\/strong>para integrar el nuevo frente,\u00a0<strong>La Uni\u00f3n Mendocina.<\/strong>\u00a0Pero son los \u00fanicos departamentos que son de esa alianza que postula a Omar De Marchi como gobernador.<\/p>\n\n\n\n<p>Luj\u00e1n y Las Heras&nbsp;tienen que barajar&nbsp;y dar de nuevo porque la ciudadan\u00eda elige jefe comunal en esos territorios&nbsp;en menos de 20 d\u00edas. Adem\u00e1s, si se repite el resultado de las PASO, hay otras dos comunas que podr\u00edan cambiar de pertenencia partidaria&nbsp;y variar por ese motivo el esquema local.&nbsp;<\/p>\n\n\n\n<p>Por otra parte, en esto del juego de\u00a0poder territorial, analistas pol\u00edticos advierten la fuerza que tendr\u00e1n\u00a0las comunas a la hora de empujar el triunfo a los candidatos a gobernador. Capital, Guaymall\u00e9n, Godoy Cruz y gran parte de Las Heras, ser\u00e1n decisivas para garantizar los votos del frente Cambia Mendoza, es decir, de Cornejo.\u00a0<\/p>\n\n\n\n<p>n tanto, Luj\u00e1n de Cuyo y \u00bfMaip\u00fa? -si finalmente su intendente reelecto, el peronista Mat\u00edas Stevanato blanquea su inclinaci\u00f3n por De Marchi\u2013 lo har\u00e1n para La Uni\u00f3n Mendocina. El conglomerado urbano del Gran Mendoza sigue siendo&nbsp;definitorio por la cantidad de poblaci\u00f3n a la hora de la elecci\u00f3n para el gobernador.&nbsp;<\/p>\n\n\n\n<h2 class=\"wp-block-heading\">Cambios<\/h2>\n\n\n\n<p>Cuando empez\u00f3 el a\u00f1o electoral, 12 departamentos pertenec\u00edan a Cambia Mendoza y seis\u00a0al PJ. Luego, Luj\u00e1n de Cuyo, conducida por Sebasti\u00e1n Bragagnolo,\u00a0cambi\u00f3 de color pol\u00edtico sin que fuera eso una decisi\u00f3n del voto popular sino porque\u00a0el\u00a0<strong>intendente\u00a0<\/strong>se pas\u00f3\u00a0a otro frente:\u00a0la LAUM, que encabeza el t\u00edo del jefe comunal, De Marchi. Antes, hab\u00eda ocurrido lo mismo con San Carlos, conducida por Rolando Scanio (este domingo 3 de septiembre fue electo Alejandro Morillas, del mismo frente, Encuentro por San Carlos, que ya no pertenece a\u00a0<strong>Cambia Mendoza<\/strong>) porque\u00a0anunci\u00f3 su ida del oficialismo para integrar despu\u00e9s\u00a0<strong>LAUM.<\/strong><\/p>\n\n\n\n<p>Las Heras, por su parte, con el radical Daniel Orozco a la cabeza dio el portazo horas antes del cierre de listas. Repentinamente se convirti\u00f3 en el precandidato a gobernador De Marchi, transformando a su municipio tambi\u00e9n en uno con un nuevo sello pol\u00edtico. En esa comuna la ruptura con el oficialismo trajo much\u00edsimas grietas, renuncias incalculables de funcionarios, despidos y causas judiciales en medio de las pujas y los reacomodamientos. En San Carlos donde el exfuncionario municipal&nbsp;Silvio Panocchia se fue por la ruptura &nbsp;pas\u00f3 a ser el candidato a&nbsp;<strong>intendente<\/strong>&nbsp;de Cambia Mendoza (qued\u00f3 segundo en la PASO).&nbsp;<\/p>\n\n\n\n<p>Luego vinieron las PASO del 11 de junio donde el candidato a gobernador m\u00e1s votado fue el de\u00a0<strong>Cambia Mendoza\u00a0<\/strong>Alfredo Cornejo y tres comunas dejaron abierta la posibilidad de cambiar de color pol\u00edtico. Las Heras, que hoy es de<strong>\u00a0LAUM<\/strong>\u00a0podr\u00eda cambiar\u00a0si se repiten los resultados de las primarias:\u00a0<strong>Cambia Mendoza<\/strong>\u00a0fue el frente m\u00e1s votado con el 30,39% resultando ganador \u00a0Francisco Lo Presti\u00a0en la interna.\u00a0<strong>LAUM,<\/strong>\u00a0que ten\u00eda tambi\u00e9n tres precandidatos, qued\u00f3 atr\u00e1s con el 23% de los votos. El ganador en la interna fue el candidato de Orozco, Mart\u00edn Bustos, que individualmente tuvo m\u00e1s votos que Lopresti.<\/p>\n\n\n\n<p>Fuentes de&nbsp;<strong>Cambia Mendoza<\/strong>&nbsp;aseguran que est\u00e1n todos los dirigentes que compitieron en la PASO alineados detr\u00e1s de Lo Presti y apuestan a que recuperar\u00e1n la comuna que perdieron este a\u00f1o por la decisi\u00f3n pol\u00edtica de Orozco. El&nbsp;<strong>intendente<\/strong>, de acuerdo a su entorno, se encuentra confiado aunque aparece en los sondeos un crecimiento de la candidata peronista, la senadora provincial Adriana Cano, en detrimento de los votos de&nbsp;<strong>LAUM<\/strong>. Hay que recordar que antes de los comicios de&nbsp;2015, que gan\u00f3 Orozco, Las Heras se caracterizaba por ser un hist\u00f3rico basti\u00f3n del PJ, administrado sucesivamente por peronistas como Guillermo Amstutz y&nbsp;Rub\u00e9n Miranda.<\/p>\n\n\n\n<h2 class=\"wp-block-heading\">M\u00e1s cambios<\/h2>\n\n\n\n<p>Si tenemos en cuenta el resultado de las PASO, en Rivadavia y Malarg\u00fce, tambi\u00e9n hay posibilidades de que cambios en el color pol\u00edtico partidario del<strong>&nbsp;intendente<\/strong>.<\/p>\n\n\n\n<p>En Rivadavia,<strong>\u00a0Cambia Mendoza,<\/strong>\u00a0que gobierna el departamento,\u00a0fue el frente m\u00e1s votado, ya que sac\u00f3 el 32% de los votos en las primarias, resultando ganador en su interna donde eran\u00a0tres los competidores, el diputado provincial Mauricio Di Cesare quien consigui\u00f3\u00a05.833 votos y es\u00a0el favorito del actual\u00a0<strong>intendente<\/strong>. Sin embargo, hay un dirigente\u00a0 y exaliado radical que amenaza con ser el nuevo jefe comunal. Se trata de Ricardo Mansur, del partido departamental Sembrar (no llega candidato a gobernador) que obtuvo en la primaria 7.943 votos. Si mantiene su caudal de votos y no todos los sufragios\u00a0del frente\u00a0<strong>Cambia Mendoza<\/strong>\u00a0van a Di C\u00e9sare, tiene chances de ser nuevamente el\u00a0<strong>intendente<\/strong>\u00a0de Rivadavia como lo fue en los 2000 cuando era radical. Pero adem\u00e1s, est\u00e1 haciendo una campa\u00f1a muy fuerte que consiste en\u00a0presencia territorial y a lo que suma su\u00a0postura cr\u00edtica al gobierno municipal desde que asumi\u00f3 el a\u00f1o pasado su banca como concejal.<\/p>\n\n\n\n<p>Otro dirigente que apuesta al cambio de color de una comuna es el exgobernador peronista y ex<strong>intendente\u00a0<\/strong>Celso Jaque quien fue el m\u00e1s votado en la PASO de Malarg\u00fce, un departamento cuyo intendente radical\u00a0va a por la reelecci\u00f3n. Se trata de Juan Manuel Ojeda, quien este martes 4\u00a0estuvo en la\u00a0misma mesa de Cornejo en\u00a0un encuentro con la c\u00e1mara de Comercio malarg\u00fcina.<\/p>\n\n\n\n<p>En la PASO, Jaque obtuvo 5.192 votos\u00a0y el peronismo por el que se postul\u00f3, un total de 8.663 votos. En tanto que Ojeda\u00a0consigui\u00f3 2.614 votos y el Frente\u00a0<strong>Cambia Mendoza\u00a0<\/strong>3035. Para algunos dirigentes es una certeza que Jaque volver\u00e1 a ser jefe comunal como en el pasado\u00a0y que de hecho, se ha preparado en los \u00faltimos tiempos para eso, a trav\u00e9s de una columna radial\u00a0y mucha presencia en el departamento. Otros sector de la dirigencia duda: cree que Ojeda puede revertir la tendencia, a trav\u00e9s de alianzas con otros referentes que lo apoyar\u00e1n \u201cpor lo bajo\u201d es decir sin hacer declaraciones p\u00fablicas pero direccionando votos de sus espacios para el actual intendente quien por un problema de salud- se hab\u00eda quebrado- casi no hubo campa\u00f1a.<\/p>\n\n\n\n<p>FUENTE: mdzonline<\/p>\n","protected":false},"excerpt":{"rendered":"<p>En menos de 20 d\u00edas, adem\u00e1s de gobernador y vice, se deciden los gobiernos de 11 departamentos para los pr\u00f3ximos cuatro a\u00f1os. Si se repiten los resultados de las PASO, y teniendo en cuenta las comunas que eligieron intendentes y los \u201cpases\u201d a otras filas, se redefine el mapa territorial. Y el&nbsp;intendente,&nbsp;\u00bfde qu\u00e9 color pol\u00edtico [&hellip;]<\/p>\n","protected":false},"author":2,"featured_media":1264,"comment_status":"open","ping_status":"open","sticky":true,"template":"","format":"standard","meta":[],"categories":[47],"tags":[],"_links":{"self":[{"href":"https:\/\/pasaenmendoza.com\/index.php?rest_route=\/wp\/v2\/posts\/1263"}],"collection":[{"href":"https:\/\/pasaenmendoza.com\/index.php?rest_route=\/wp\/v2\/posts"}],"about":[{"href":"https:\/\/pasaenmendoza.com\/index.php?rest_route=\/wp\/v2\/types\/post"}],"author":[{"embeddable":true,"href":"https:\/\/pasaenmendoza.com\/index.php?rest_route=\/wp\/v2\/users\/2"}],"replies":[{"embeddable":true,"href":"https:\/\/pasaenmendoza.com\/index.php?rest_route=%2Fwp%2Fv2%2Fcomments&post=1263"}],"version-history":[{"count":1,"href":"https:\/\/pasaenmendoza.com\/index.php?rest_route=\/wp\/v2\/posts\/1263\/revisions"}],"predecessor-version":[{"id":1265,"href":"https:\/\/pasaenmendoza.com\/index.php?rest_route=\/wp\/v2\/posts\/1263\/revisions\/1265"}],"wp:featuredmedia":[{"embeddable":true,"href":"https:\/\/pasaenmendoza.com\/index.php?rest_route=\/wp\/v2\/media\/1264"}],"wp:attachment":[{"href":"https:\/\/pasaenmendoza.com\/index.php?rest_route=%2Fwp%2Fv2%2Fmedia&parent=1263"}],"wp:term":[{"taxonomy":"category","embeddable":true,"href":"https:\/\/pasaenmendoza.com\/index.php?rest_route=%2Fwp%2Fv2%2Fcategories&post=1263"},{"taxonomy":"post_tag","embeddable":true,"href":"https:\/\/pasaenmendoza.com\/index.php?rest_route=%2Fwp%2Fv2%2Ftags&post=1263"}],"curies":[{"name":"wp","href":"https:\/\/api.w.org\/{rel}","templated":true}]}}