{"id":12641,"date":"2025-04-25T00:21:19","date_gmt":"2025-04-24T22:21:19","guid":{"rendered":"https:\/\/pasaenmendoza.com\/?p=12641"},"modified":"2025-04-25T00:21:20","modified_gmt":"2025-04-24T22:21:20","slug":"un-hombre-cayo-a-un-pozo-sin-senalizar-en-las-heras-que-dijo-el-municipio","status":"publish","type":"post","link":"https:\/\/pasaenmendoza.com\/?p=12641","title":{"rendered":"Un hombre cay\u00f3 a un pozo sin se\u00f1alizar en Las Heras: \u00bfqu\u00e9 dijo el municipio?"},"content":{"rendered":"\n<p>El mi\u00e9rcoles por la noche, un hombre cay\u00f3 a un pozo con agua que estaba sin se\u00f1alizar, en&nbsp;<strong>Las Heras<\/strong>. El hombre comparti\u00f3 la denuncia con el Post y dijo que estuvo toda la noche en el Hospital Carrillo.<\/p>\n\n\n\n<p>El hombre, identificado como Alejandro, volv\u00eda de su trabajo en moto cuando pas\u00f3 por la intersecci\u00f3n de las calles Per\u00fa y Chiclana de Las Heras y cay\u00f3 a un pozo que estaba cubierto de agua.&nbsp;<\/p>\n\n\n\n<p>Nuestro medio se contact\u00f3 con el municipio, que inform\u00f3 que la p\u00e9rdida de agua la debe reparar&nbsp;<strong>Aysam<\/strong>,y luego desde la comuna realizar\u00e1n las reparaciones pertinentes en el asfalto.<\/p>\n\n\n\n<p>Desde la comuna tambi\u00e9n dijeron que el \u00e1rea de Obras mand\u00f3 a realizar una inspecci\u00f3n, y el lugar ya fue se\u00f1alizado.<\/p>\n\n\n\n<p>Alejandro, la v\u00edctima, dijo que ya se est\u00e1 recuperando del accidente, y comparti\u00f3 con el Post una foto cuando estaba siendo atendido.<\/p>\n\n\n\n<p><strong>Fuente: www.mendozapost.com<\/strong><\/p>\n","protected":false},"excerpt":{"rendered":"<p>El mi\u00e9rcoles por la noche, un hombre cay\u00f3 a un pozo con agua que estaba sin se\u00f1alizar, en&nbsp;Las Heras. El hombre comparti\u00f3 la denuncia con el Post y dijo que estuvo toda la noche en el Hospital Carrillo. El hombre, identificado como Alejandro, volv\u00eda de su trabajo en moto cuando pas\u00f3 por la intersecci\u00f3n de [&hellip;]<\/p>\n","protected":false},"author":2,"featured_media":12642,"comment_status":"open","ping_status":"open","sticky":false,"template":"","format":"standard","meta":[],"categories":[48],"tags":[],"_links":{"self":[{"href":"https:\/\/pasaenmendoza.com\/index.php?rest_route=\/wp\/v2\/posts\/12641"}],"collection":[{"href":"https:\/\/pasaenmendoza.com\/index.php?rest_route=\/wp\/v2\/posts"}],"about":[{"href":"https:\/\/pasaenmendoza.com\/index.php?rest_route=\/wp\/v2\/types\/post"}],"author":[{"embeddable":true,"href":"https:\/\/pasaenmendoza.com\/index.php?rest_route=\/wp\/v2\/users\/2"}],"replies":[{"embeddable":true,"href":"https:\/\/pasaenmendoza.com\/index.php?rest_route=%2Fwp%2Fv2%2Fcomments&post=12641"}],"version-history":[{"count":1,"href":"https:\/\/pasaenmendoza.com\/index.php?rest_route=\/wp\/v2\/posts\/12641\/revisions"}],"predecessor-version":[{"id":12643,"href":"https:\/\/pasaenmendoza.com\/index.php?rest_route=\/wp\/v2\/posts\/12641\/revisions\/12643"}],"wp:featuredmedia":[{"embeddable":true,"href":"https:\/\/pasaenmendoza.com\/index.php?rest_route=\/wp\/v2\/media\/12642"}],"wp:attachment":[{"href":"https:\/\/pasaenmendoza.com\/index.php?rest_route=%2Fwp%2Fv2%2Fmedia&parent=12641"}],"wp:term":[{"taxonomy":"category","embeddable":true,"href":"https:\/\/pasaenmendoza.com\/index.php?rest_route=%2Fwp%2Fv2%2Fcategories&post=12641"},{"taxonomy":"post_tag","embeddable":true,"href":"https:\/\/pasaenmendoza.com\/index.php?rest_route=%2Fwp%2Fv2%2Ftags&post=12641"}],"curies":[{"name":"wp","href":"https:\/\/api.w.org\/{rel}","templated":true}]}}