{"id":12651,"date":"2025-04-25T16:41:10","date_gmt":"2025-04-25T14:41:10","guid":{"rendered":"https:\/\/pasaenmendoza.com\/?p=12651"},"modified":"2025-04-25T16:41:11","modified_gmt":"2025-04-25T14:41:11","slug":"viento-zonda-en-mendoza-que-pasara-con-las-clases-este-viernes","status":"publish","type":"post","link":"https:\/\/pasaenmendoza.com\/?p=12651","title":{"rendered":"Viento Zonda en Mendoza: qu\u00e9 pasar\u00e1 con las clases este viernes"},"content":{"rendered":"\n<p>Un fuerte viento\u00a0<strong>Zonda<\/strong>\u00a0se sentir\u00e1 este viernes en varios sectores de Mendoza, con r\u00e1fagas que, seg\u00fan los especialistas,\u00a0podr\u00edan alcanzar hasta los<strong>\u00a040 km\/h<\/strong>. Ante esta situaci\u00f3n, la\u00a0<strong>Direcci\u00f3n General de Escuelas<\/strong>\u00a0(DGE)<em>\u00a0\u201cevaluar\u00e1\u201d<\/em>\u00a0la\u00a0<strong>magnitud del fen\u00f3meno\u00a0<\/strong>este viernes por la ma\u00f1ana\u00a0<strong>y seguir\u00e1 el protocolo dispuesto por Defensa Civil<\/strong>.<\/p>\n\n\n\n<p><em>\u201cSe evaluar\u00e1 este viernes la situaci\u00f3n en funci\u00f3n de los reportes meteorol\u00f3gicos y las recomendaciones de Defensa Civil seg\u00fan cada zona\u201d<\/em>, explic\u00f3\u00a0<strong>el titular de la DGE, Tadeo Garc\u00eda Salazar,\u00a0<\/strong>en di\u00e1logo con\u00a0<em>El Sol<\/em>.\u00a0<\/p>\n\n\n\n<p>Adem\u00e1s, Garc\u00eda Zalazar record\u00f3 que<em>\u00a0\u201chay un protocolo que se hace todos los a\u00f1os y horas antes de cada turno se comunica la decisi\u00f3n\u201d<\/em>.<\/p>\n\n\n\n<p>De acuerdo con el reporte oficial del Servicio Meteorol\u00f3gico Nacional, el Zonda se har\u00e1 presente durante la madrugada del viernes en la zona Sur y Oeste de San Carlos, intensificando a partir de las 11.<\/p>\n\n\n\n<p>Las zonas m\u00e1s afectadas ser\u00e1n:\u00a0<strong>Malarg\u00fce, Sur de Malarg\u00fce, San Rafael\u00a0<\/strong>y<strong>\u00a0Uspallata<\/strong>. Adem\u00e1s, desde el mediod\u00eda, el viento se instalar\u00e1 en algunos sectores del\u00a0<strong>Norte provincial\u00a0<\/strong>y\u00a0<strong>Luj\u00e1n de Cuyo<\/strong>\u00a0(Potrerillos), con una intensidad de moderada a intensa.<\/p>\n\n\n\n<p><strong>Fuente: www.elsol.com.ar<\/strong><\/p>\n","protected":false},"excerpt":{"rendered":"<p>Un fuerte viento\u00a0Zonda\u00a0se sentir\u00e1 este viernes en varios sectores de Mendoza, con r\u00e1fagas que, seg\u00fan los especialistas,\u00a0podr\u00edan alcanzar hasta los\u00a040 km\/h. Ante esta situaci\u00f3n, la\u00a0Direcci\u00f3n General de Escuelas\u00a0(DGE)\u00a0\u201cevaluar\u00e1\u201d\u00a0la\u00a0magnitud del fen\u00f3meno\u00a0este viernes por la ma\u00f1ana\u00a0y seguir\u00e1 el protocolo dispuesto por Defensa Civil. \u201cSe evaluar\u00e1 este viernes la situaci\u00f3n en funci\u00f3n de los reportes meteorol\u00f3gicos y las [&hellip;]<\/p>\n","protected":false},"author":2,"featured_media":12652,"comment_status":"open","ping_status":"open","sticky":false,"template":"","format":"standard","meta":[],"categories":[52],"tags":[],"_links":{"self":[{"href":"https:\/\/pasaenmendoza.com\/index.php?rest_route=\/wp\/v2\/posts\/12651"}],"collection":[{"href":"https:\/\/pasaenmendoza.com\/index.php?rest_route=\/wp\/v2\/posts"}],"about":[{"href":"https:\/\/pasaenmendoza.com\/index.php?rest_route=\/wp\/v2\/types\/post"}],"author":[{"embeddable":true,"href":"https:\/\/pasaenmendoza.com\/index.php?rest_route=\/wp\/v2\/users\/2"}],"replies":[{"embeddable":true,"href":"https:\/\/pasaenmendoza.com\/index.php?rest_route=%2Fwp%2Fv2%2Fcomments&post=12651"}],"version-history":[{"count":1,"href":"https:\/\/pasaenmendoza.com\/index.php?rest_route=\/wp\/v2\/posts\/12651\/revisions"}],"predecessor-version":[{"id":12653,"href":"https:\/\/pasaenmendoza.com\/index.php?rest_route=\/wp\/v2\/posts\/12651\/revisions\/12653"}],"wp:featuredmedia":[{"embeddable":true,"href":"https:\/\/pasaenmendoza.com\/index.php?rest_route=\/wp\/v2\/media\/12652"}],"wp:attachment":[{"href":"https:\/\/pasaenmendoza.com\/index.php?rest_route=%2Fwp%2Fv2%2Fmedia&parent=12651"}],"wp:term":[{"taxonomy":"category","embeddable":true,"href":"https:\/\/pasaenmendoza.com\/index.php?rest_route=%2Fwp%2Fv2%2Fcategories&post=12651"},{"taxonomy":"post_tag","embeddable":true,"href":"https:\/\/pasaenmendoza.com\/index.php?rest_route=%2Fwp%2Fv2%2Ftags&post=12651"}],"curies":[{"name":"wp","href":"https:\/\/api.w.org\/{rel}","templated":true}]}}