{"id":12654,"date":"2025-04-25T16:48:50","date_gmt":"2025-04-25T14:48:50","guid":{"rendered":"https:\/\/pasaenmendoza.com\/?p=12654"},"modified":"2025-04-25T16:48:50","modified_gmt":"2025-04-25T14:48:50","slug":"el-smn-emitio-un-alerta-por-zonda-que-afectara-a-gran-parte-de-mendoza","status":"publish","type":"post","link":"https:\/\/pasaenmendoza.com\/?p=12654","title":{"rendered":"El SMN emiti\u00f3 un alerta por Zonda que afectar\u00e1 a gran parte de Mendoza"},"content":{"rendered":"\n<p>Tal como estaba pronosticado, para este viernes se ha anunciado un&nbsp;<strong>alerta por Zonda<\/strong>. El fen\u00f3meno podr\u00eda bajar al llano y afectar\u00e1 a gran parte del territorio provincial.&nbsp;<strong>La m\u00ednima ser\u00e1 de 14 grados y la m\u00e1xima de 31.<\/strong><\/p>\n\n\n\n<p>Adem\u00e1s, para la jornada se prev\u00e9 nubosidad variable y\u00a0<strong>nevadas en cordillera.<\/strong><\/p>\n\n\n\n<p>Para el\u00a0<strong>s\u00e1bado<\/strong>, la Direcci\u00f3n de Contingencias Clim\u00e1ticas indica: \u201cCielo cubierto a parcial nublado, vientos moderados del sector sur, marcado descenso de la temperatura. Tormentas aisladas en las primeras horas. Poco nuboso en cordillera.<\/p>\n\n\n\n<p><strong>La m\u00ednima ser\u00e1 de 13 grados y la m\u00e1xima de 19.<\/strong><\/p>\n\n\n\n<p>En tanto, para el\u00a0<strong>domingo\u00a0<\/strong>se pronostica: \u201cPoca nubosidad con ascenso de la temperatura, vientos leves del noreste. Poco nuboso en cordillera\u201d.\u00a0<strong>La m\u00ednima ser\u00e1 de 13 grados y la m\u00e1xima de 23.<\/strong><\/p>\n\n\n\n<p><strong>Fuente: www.elsol.com.ar<\/strong><\/p>\n","protected":false},"excerpt":{"rendered":"<p>Tal como estaba pronosticado, para este viernes se ha anunciado un&nbsp;alerta por Zonda. El fen\u00f3meno podr\u00eda bajar al llano y afectar\u00e1 a gran parte del territorio provincial.&nbsp;La m\u00ednima ser\u00e1 de 14 grados y la m\u00e1xima de 31. Adem\u00e1s, para la jornada se prev\u00e9 nubosidad variable y\u00a0nevadas en cordillera. Para el\u00a0s\u00e1bado, la Direcci\u00f3n de Contingencias Clim\u00e1ticas [&hellip;]<\/p>\n","protected":false},"author":2,"featured_media":12655,"comment_status":"open","ping_status":"open","sticky":false,"template":"","format":"standard","meta":[],"categories":[46],"tags":[],"_links":{"self":[{"href":"https:\/\/pasaenmendoza.com\/index.php?rest_route=\/wp\/v2\/posts\/12654"}],"collection":[{"href":"https:\/\/pasaenmendoza.com\/index.php?rest_route=\/wp\/v2\/posts"}],"about":[{"href":"https:\/\/pasaenmendoza.com\/index.php?rest_route=\/wp\/v2\/types\/post"}],"author":[{"embeddable":true,"href":"https:\/\/pasaenmendoza.com\/index.php?rest_route=\/wp\/v2\/users\/2"}],"replies":[{"embeddable":true,"href":"https:\/\/pasaenmendoza.com\/index.php?rest_route=%2Fwp%2Fv2%2Fcomments&post=12654"}],"version-history":[{"count":1,"href":"https:\/\/pasaenmendoza.com\/index.php?rest_route=\/wp\/v2\/posts\/12654\/revisions"}],"predecessor-version":[{"id":12656,"href":"https:\/\/pasaenmendoza.com\/index.php?rest_route=\/wp\/v2\/posts\/12654\/revisions\/12656"}],"wp:featuredmedia":[{"embeddable":true,"href":"https:\/\/pasaenmendoza.com\/index.php?rest_route=\/wp\/v2\/media\/12655"}],"wp:attachment":[{"href":"https:\/\/pasaenmendoza.com\/index.php?rest_route=%2Fwp%2Fv2%2Fmedia&parent=12654"}],"wp:term":[{"taxonomy":"category","embeddable":true,"href":"https:\/\/pasaenmendoza.com\/index.php?rest_route=%2Fwp%2Fv2%2Fcategories&post=12654"},{"taxonomy":"post_tag","embeddable":true,"href":"https:\/\/pasaenmendoza.com\/index.php?rest_route=%2Fwp%2Fv2%2Ftags&post=12654"}],"curies":[{"name":"wp","href":"https:\/\/api.w.org\/{rel}","templated":true}]}}