{"id":12657,"date":"2025-04-25T16:54:30","date_gmt":"2025-04-25T14:54:30","guid":{"rendered":"https:\/\/pasaenmendoza.com\/?p=12657"},"modified":"2025-04-25T16:54:31","modified_gmt":"2025-04-25T14:54:31","slug":"violencia-extrema-en-lujan-una-mujer-denuncio-haber-sido-torturada-y-secuestrada-por-su-pareja","status":"publish","type":"post","link":"https:\/\/pasaenmendoza.com\/?p=12657","title":{"rendered":"Violencia extrema en Luj\u00e1n: una mujer denunci\u00f3 haber sido torturada y secuestrada por su pareja"},"content":{"rendered":"\n<p>Una mujer de 46 a\u00f1os logr\u00f3 escapar de una situaci\u00f3n de extrema violencia de g\u00e9nero en Luj\u00e1n de Cuyo, donde, seg\u00fan denunci\u00f3, permaneci\u00f3 secuestrada en su propia casa por su concubino durante cuatro d\u00edas.&nbsp;<strong>El agresor fue detenido el domingo durante la ma\u00f1ana<\/strong>, cuando la v\u00edctima pudo salir del domicilio mientras el hombre dorm\u00eda y pidi\u00f3 ayuda a una vecina, quien se comunic\u00f3 con el 911.<\/p>\n\n\n\n<p>La investigaci\u00f3n qued\u00f3 a cargo de la Unidad Fiscal de Violencia de G\u00e9nero y el sospechoso permanec\u00eda tras las rejas, informaron fuentes policiales, judiciales y del entorno de la v\u00edctima a\u00a0<em><strong>El Sol.<\/strong><\/em><\/p>\n\n\n\n<p>El hecho se registr\u00f3 en una vivienda ubicada en el barrio&nbsp;<strong>V\u00edctor Hugo II, en el distrito de Mayor Drummond<\/strong>. La v\u00edctima (se reserva su identidad) denunci\u00f3 que su pareja desde hac\u00eda casi siete meses, un camionero identificado como&nbsp;<strong>Roberto Carlos Vercelle<\/strong>, la mantuvo incomunicada desde el jueves hasta el domingo por la ma\u00f1ana, en ese tiempo la golpe\u00f3 brutalmente y la someti\u00f3 a torturas f\u00edsicas durante d\u00edas.<\/p>\n\n\n\n<p>Seg\u00fan lo denunciado, el trabajador del volante la habr\u00eda quemado con agua hirviendo, le apag\u00f3 cigarrillos en el rostro, la cort\u00f3 con un cuchillo en el cuello y la atac\u00f3 con una tijera en la zona del pecho, cerca del coraz\u00f3n. La mujer tambi\u00e9n se detall\u00f3 que\u00a0<strong>sufri\u00f3 golpes de pu\u00f1o y patadas por todo el cuerpo<\/strong>, con particular ensa\u00f1amiento en el rostro y la cabeza.<\/p>\n\n\n\n<p>Producto de los ataques, la v\u00edctima presentaba fractura en la nariz y hematomas m\u00faltiples. Relat\u00f3 que el agresor la habr\u00eda desmayado al menos cinco veces al asfixiarla y que, tras recuperar el conocimiento, \u00e9l volv\u00eda a repetir la agresi\u00f3n.<\/p>\n\n\n\n<p>El caso fue formalmente denunciado el domingo en la Oficina Fiscal de Luj\u00e1n de Cuyo.&nbsp;<mark>Luego se resolvieron medidas de restricci\u00f3n de acercamiento dispuestas por el Juzgado de Familia<\/mark>, las cuales fueron dictadas una vez que las autoridades tomaron conocimiento del caso.<\/p>\n\n\n\n<p>La causa qued\u00f3 calificada inicialmente como\u00a0<em>\u201clesiones leves\u201d,\u00a0<\/em>aunque no se descarta una ampliaci\u00f3n de la imputaci\u00f3n, ya que podr\u00edan investigarse delitos m\u00e1s graves.<\/p>\n\n\n\n<p>Las fuentes aportaron que, tras conocerse la denuncia, la Direcci\u00f3n de la Mujer, G\u00e9nero y Diversidad de la Suprema Corte de Justicia inform\u00f3 que se encuentra asistiendo a la v\u00edctima.<\/p>\n\n\n\n<p>El organismo advirti\u00f3\u00a0<strong>sobre el riesgo que implicar\u00eda una posible liberaci\u00f3n del imputado y solicit\u00f3 que, en caso de que se tome esa determinaci\u00f3n, se notifique previamente a la mujer\u00a0<\/strong>y a su equipo de contenci\u00f3n para implementar medidas de autoprotecci\u00f3n.<\/p>\n\n\n\n<p>La mujer expres\u00f3 su temor por posibles represalias, ya que el acusado la habr\u00eda amenazado de muerte en m\u00faltiples oportunidades, no solo a ella, sino tambi\u00e9n a sus padres e hijos, quien son menores y no se encontraban en el domicilio al momento de los hechos.&nbsp;<em>\u201cTe voy a matar a tus pap\u00e1s si se meten, me chupa un huevo\u201d,&nbsp;<\/em>habr\u00eda dicho el agresor, seg\u00fan consta en los registros judiciales.<\/p>\n\n\n\n<p><em>\u201cMe siento desamparada, desprotegida. Necesito protecci\u00f3n. S\u00f3lo tengo un papel de prohibici\u00f3n de acercamiento. No tengo un polic\u00eda en la puerta de mi casa. No puedo salir a trabajar ni a hacer las compras porque tengo miedo\u201d,\u00a0<\/em>asegur\u00f3 la mujer en comunicaci\u00f3n con este diario.<\/p>\n\n\n\n<p>Desde la Justicia detallaron que continuaban con la recolecci\u00f3n de pruebas y testimonios (incluso, la mujer estuvo este jueves en el Polo Judicial), y analizaban otras calificaciones para el expediente, que est\u00e1 en manos de la fiscal Daniel Paola Ginestar.<\/p>\n\n\n\n<p><strong>Fuente: www.elsol.com.ar<\/strong><\/p>\n","protected":false},"excerpt":{"rendered":"<p>Una mujer de 46 a\u00f1os logr\u00f3 escapar de una situaci\u00f3n de extrema violencia de g\u00e9nero en Luj\u00e1n de Cuyo, donde, seg\u00fan denunci\u00f3, permaneci\u00f3 secuestrada en su propia casa por su concubino durante cuatro d\u00edas.&nbsp;El agresor fue detenido el domingo durante la ma\u00f1ana, cuando la v\u00edctima pudo salir del domicilio mientras el hombre dorm\u00eda y pidi\u00f3 [&hellip;]<\/p>\n","protected":false},"author":2,"featured_media":12658,"comment_status":"open","ping_status":"open","sticky":false,"template":"","format":"standard","meta":[],"categories":[48],"tags":[],"_links":{"self":[{"href":"https:\/\/pasaenmendoza.com\/index.php?rest_route=\/wp\/v2\/posts\/12657"}],"collection":[{"href":"https:\/\/pasaenmendoza.com\/index.php?rest_route=\/wp\/v2\/posts"}],"about":[{"href":"https:\/\/pasaenmendoza.com\/index.php?rest_route=\/wp\/v2\/types\/post"}],"author":[{"embeddable":true,"href":"https:\/\/pasaenmendoza.com\/index.php?rest_route=\/wp\/v2\/users\/2"}],"replies":[{"embeddable":true,"href":"https:\/\/pasaenmendoza.com\/index.php?rest_route=%2Fwp%2Fv2%2Fcomments&post=12657"}],"version-history":[{"count":1,"href":"https:\/\/pasaenmendoza.com\/index.php?rest_route=\/wp\/v2\/posts\/12657\/revisions"}],"predecessor-version":[{"id":12659,"href":"https:\/\/pasaenmendoza.com\/index.php?rest_route=\/wp\/v2\/posts\/12657\/revisions\/12659"}],"wp:featuredmedia":[{"embeddable":true,"href":"https:\/\/pasaenmendoza.com\/index.php?rest_route=\/wp\/v2\/media\/12658"}],"wp:attachment":[{"href":"https:\/\/pasaenmendoza.com\/index.php?rest_route=%2Fwp%2Fv2%2Fmedia&parent=12657"}],"wp:term":[{"taxonomy":"category","embeddable":true,"href":"https:\/\/pasaenmendoza.com\/index.php?rest_route=%2Fwp%2Fv2%2Fcategories&post=12657"},{"taxonomy":"post_tag","embeddable":true,"href":"https:\/\/pasaenmendoza.com\/index.php?rest_route=%2Fwp%2Fv2%2Ftags&post=12657"}],"curies":[{"name":"wp","href":"https:\/\/api.w.org\/{rel}","templated":true}]}}