{"id":1266,"date":"2023-09-07T14:49:45","date_gmt":"2023-09-07T12:49:45","guid":{"rendered":"https:\/\/pasaenmendoza.com\/?p=1266"},"modified":"2023-09-07T14:49:46","modified_gmt":"2023-09-07T12:49:46","slug":"de-marchi-es-una-persona-nociva-para-las-heras","status":"publish","type":"post","link":"https:\/\/pasaenmendoza.com\/?p=1266","title":{"rendered":"&#8220;De Marchi es una persona nociva para Las Heras&#8221;"},"content":{"rendered":"\n<p><strong>Francisco Lo Presti<\/strong>\u00a0no busc\u00f3 pre\u00e1mbulos para iniciar esta entrevista con el POST. Ya pasaron 124 d\u00edas de aquella primera conversaci\u00f3n con el ahora candidato a intendente de\u00a0<strong>Las Heras<\/strong>\u00a0por Cambia Mendoza. En estos d\u00edas el ex secretario del municipio est\u00e1 concentrado en la campa\u00f1a electoral pensando en el domingo 24, cuando tengamos que\u00a0votar para elegir gobernador y legisladores provinciales\u00a0adem\u00e1s de intendentes y sus respectivos concejales de las 11 comunas (Las Heras es una) que no adelantaron sus elecciones. Su cr\u00edtica hacia Daniel Orozco, actual intendente de Las Heras y candidato a vicegobernador de La Uni\u00f3n Mendocina (LUM) fue m\u00e1s detallada y profunda basada en sus intercambios con los habitantes lasherinos.<\/p>\n\n\n\n<p>-Lo que ha generado Daniel Orozco en el departamento de Las Heras es caos. No ha generado una perspectiva de progreso, por el contrario, fue en detrimento institucional, en detrimento de la gesti\u00f3n, y en detrimento en los servicios. Hay mucho malestar en la gente, hay promesas que devienen de mentiras. Por ejemplo: dijeron que iban a activar la obra del acueducto Pedemonte Norte y no ha pasado nada solo la foto con (Sergio) Massa. Dijeron que iban a sacar la fotomulta y no ha pasado nada, o sea, todas propuestas que devienen de mentiras desde que (Omar) De Marchi lleg\u00f3 a Las Heras como compa\u00f1ero de f\u00f3rmula de Orozco. Por eso digo que el culpable de lo que est\u00e1 pasando es De Marchi y Orozco es funcional a esto.<\/p>\n\n\n\n<p>Se nota la tensi\u00f3n de la campa\u00f1a en territorio lasherino. Lo Presti est\u00e1 seguro que la ciudadan\u00eda ya sabe diferenciar las elecciones por categor\u00eda y que en particular en Las Heras eso se ver\u00e1 m\u00e1s n\u00edtidamente con la aplicaci\u00f3n de la boleta \u00fanica de papel.<\/p>\n\n\n\n<p>En este \u00faltimo tramo antes de votar remarca lo que para \u00e9l es una mala influencia de la figura del candidato LUM a gobernador<a rel=\"noreferrer noopener\" href=\"https:\/\/www.mendozapost.com\/politica\/omar-de-marchi-biografia-historia\/\" target=\"_blank\">\u00a0Omar De Marchi<\/a>\u00a0a quien se\u00f1ala que siempre ha sido adverso a los intereses de Las Heras y lo recuerda siendo intendente de Luj\u00e1n de Cuyo que le gan\u00f3 al departamento norte\u00f1o un conflicto de l\u00edmites y se qued\u00f3 con una franja de terrenos por los cuales reclama m\u00e1s coparticipaci\u00f3n y eso terminar\u00e1 recortando los ingresos a la comuna lasherina.\u00a0<\/p>\n\n\n\n<p>La verdad que es una persona que lleva adelante acciones que, desde mi punto de vista, le faltan el respeto al Departamento por ejemplo lo que pas\u00f3 el otro d\u00eda con las prendas femeninas (en un acto con personas jubiladas). Es algo que \u00e9l particularmente no lo hace en Godoy&nbsp;Cruz o en su propio Luj\u00e1n, si no que viene y lo hace en Las Heras.&nbsp; Es una persona que no tiene respeto por el ciudadano de Las Heras, por eso De Marchi es da\u00f1ino para el lasherino. No suma, al contrario, resta. En el plano pol\u00edtico, desde que Orozco se fue con De Marchi, el departamento est\u00e1 totalmente paralizado, est\u00e1 falto de gesti\u00f3n, no encuentra su rumbo, no da buenos servicios. Todo lo que De Marchi ha generado en Las Heras siempre ha sido en perjuicio del lasherino y creo que Orozco es c\u00f3mplice, es funcional a un esquema que es totalmente electoralista, que por ah\u00ed puede generar algunas condiciones positivas en otro lugar, pero en Las Heras hace da\u00f1o.&nbsp;<\/p>\n\n\n\n<p>-De Marchi ha generado un gran perjuicio con sus declaraciones respecto de obras que son emblem\u00e1ticas y muy importantes para el departamento. Por ejemplo ahora se opone a que el Metrotranv\u00eda llegue al aeropuerto. Tambi\u00e9n va a generar hacia el futuro un perjuicio muy grande respecto a la coparticipaci\u00f3n por las 17 mil hect\u00e1reas que le quit\u00f3 a Las Heras en un conflicto de l\u00edmites por el cual el departamento puede llegar a perder un punto y medio de coparticipaci\u00f3n. En su momento tambi\u00e9n le quit\u00f3 la zona franca a Las Heras cuando \u00e9l era intendente de Luj\u00e1n. Hay un c\u00famulo de cosas para decir que De Marchi es una persona nociva para el departamento.\u00a0 \u00a0<\/p>\n\n\n\n<p>\u00bfQu\u00e9 cambi\u00f3 de la etapa de precandidato a esta como aspirante directo a la intendencia?&nbsp;&nbsp;<\/p>\n\n\n\n<p>&#8211; En mi caso particular, la verdad que despu\u00e9s de las PASO, la ciudadan\u00eda me otorg\u00f3 una gran responsabilidad de llevar adelante y encabezar y visibilizar un proyecto de Cambio en Mendoza y bueno, gracias a Dios hemos podido sumar a todas las partes, a todos los actores y ya estamos trabajando en conjunto. Es la primera vez que yo soy candidato a un cargo electivo, tengo mucha experiencia en gesti\u00f3n, pero es la primera vez que soy candidato electivo, he tenido gesti\u00f3n en la Universidad, tambi\u00e9n gesti\u00f3n en el mismo municipio, pero es la primera vez que soy candidato, a diferencia de mis otros adversarios que han sido candidatos a concejales, o diputados. Creo que conozco la gesti\u00f3n, eso me da un lugar, un valor agregado,\u00a0\u00a0pero es la primera vez que estoy pidiendo al ciudadano un voto de confianza para poder transformar el departamento.\u00a0\u00a0<\/p>\n\n\n\n<p>&nbsp;\u00bfSigue pensando en eliminar las fotomultas si llega a ser intendente?<\/p>\n\n\n\n<p>-He sido muy claro, las fotomultas hay que sacarlas, hay que trabajar en la prevenci\u00f3n y educaci\u00f3n vial. De hecho, vamos a visitar algunas empresas que trabajan con realidad aumentada, para poder generar centros de capacitaci\u00f3n en los \u00faltimos a\u00f1os de la escuela secundaria, que son los conductores principiantes. Quiero tener mayor presencia en este aspecto. Eso tambi\u00e9n atraviesa la seguridad, eso tambi\u00e9n es tener mayor presencia del Estado en distintos controles viales, y que tambi\u00e9n devienen en mayor presencia para poder controlar la seguridad del vecino. Las fotomultas han creado m\u00e1s malestar en la sociedad y no ha bajado el \u00edndice de accidentolog\u00eda. No tenemos menos accidentolog\u00eda que en otros departamentos. O sea, la molestia supera al posible beneficio. Nosotros vamos a seguir multando, vamos a seguir previniendo, vamos a seguir controlando, pero no lo vamos a hacer con un sistema de fotomultas.<\/p>\n\n\n\n<p>-\u00bfDe qu\u00e9 manera el municipio que se va a involucrar en la seguridad?&nbsp;<\/p>\n\n\n\n<p>-Nos vamos a involucrar desde dos aspectos. Primero, comprando c\u00e1maras de seguridad para otorgarlas al Ministerio de Seguridad y que las pueda incluir en el sistema interconectado de monitoreo que tiene el Ministerio de Seguridad y as\u00ed ampliar la cantidad de c\u00e1maras de seguridad que hoy d\u00eda tiene el departamento. La idea es hacer un centro de monitoreo conjunto entre el Ministerio de Seguridad y el municipio donde el municipio trabaje fuertemente con las alarmas comunitarias pero r\u00e1pidamente tengamos una interconexi\u00f3n en el mismo lugar. Hoy d\u00eda est\u00e1n en lugares diferentes, la idea es que puedan trabajar de forma conjunta en un mismo edificio y desde ah\u00ed coordinar la tarea. O sea, instalar un Centro Estrat\u00e9gico de Operaciones.<\/p>\n\n\n\n<p>\u00bfCu\u00e1l es el otro aspecto?<\/p>\n\n\n\n<p>-Lo otro que es vital y que no solamente es desarrollar un municipio sustentable, empezando por ejemplo con la reconversi\u00f3n a LED del cien por cien de las luminarias. Esto es un programa de cuatro a\u00f1os, vamos a seguir el modelo de Godoy Cruz que pudo reconvertir su luminaria totalmente. Adem\u00e1s esto tiene otro impacto, el costo del alumbrado p\u00fablico baja en la medida de que uno consume menos y produce m\u00e1s. Por ejemplo en Godoy Cruz la gente paga un treinta por ciento menos que en el resto de la provincia gracias a las inversiones que han hecho el departamento respecto de granjas solares, y la reconversi\u00f3n a LED. Queremos seguir ese camino, creemos que ese es el modelo, hemos estado hablando mucho con Tadeo (Garc\u00eda Zalazar) sobre el tema, me ha dado su proyecto, su forma de implementaci\u00f3n y lo vamos a seguir como modelo. Y manejamos una cantidad de luminarias similares. Las Heras tiene 26 mil luminarias. Hoy nos toca demostrar con ejemplaridad, ser austeros en el gasto p\u00fablico y que el ahorro en las finanzas del municipio&nbsp; vaya a la inversi\u00f3n p\u00fablica. Eso es lo que trasciende, es lo que le permite al vecino vivir en un lugar m\u00e1s ameno y con mejor calidad de vida.<\/p>\n\n\n\n<p>-\u00bfQu\u00e9 es lo que m\u00e1s le preocupa de Las Heras?<\/p>\n\n\n\n<p>-Me preocupan las faltas de obras de infraestructura. Porque no se genera desarrollo en la matriz productiva del desarrollo inmobiliario, crecen los asentamientos, no tenemos posibilidades de llegar a la vivienda a trav\u00e9s del IPV porque nos faltan infraestructuras en los terrenos que tenemos disponibles para edificar. Hablo de obras el\u00e9ctricas, obras de agua, de cloacas, cord\u00f3n cuneta y banquina, obras de gas, todo ser\u00e1 prioridad en mi gesti\u00f3n porque eso da la posibilidad de menos asentamientos, o ir relocaliz\u00e1ndolos, Por otro lado, desde el sector privado, tendremos la posibilidad de crecer y desarrollar desde el sector privado todo lo que es la matriz del desarrollo inmobiliario.&nbsp;<\/p>\n\n\n\n<p>-Entonces la idea es mejorar la infraestructura para que haya inversiones inmobiliarias y para que Las Heras sea un nuevo espacio de residencia.<\/p>\n\n\n\n<p>-El mayor crecimiento poblacional viene acompa\u00f1ado de mayor coparticipaci\u00f3n el d\u00eda de ma\u00f1ana. Y ah\u00ed quiero decir una cosa que me parece muy importante. En mi an\u00e1lisis desde la vuelta de la democracia hubo d\u00e9cadas para distintos departamentos. Podr\u00edamos decir que la primera d\u00e9cada fue para la Capital, la segunda d\u00e9cada fue para Godoy Cruz y Guaymall\u00e9n, y este \u00faltimo tiempo ha sido para Luj\u00e1n y Maip\u00fa, hablando de Gran Mendoza. La pr\u00f3xima d\u00e9cada es para el Departamento de las Heras. Deber\u00eda ser, decimos. La pr\u00f3xima d\u00e9cada, si nosotros tenemos la posibilidad, vamos a hacer que sea para Las Heras porque vamos a hacer obras estrat\u00e9gicas que hagan que el Departamento de las Heras tenga esa d\u00e9cada de crecimiento y desarrollo necesario para obtener una mejor calidad de vida y posicionarse, no s\u00e9 si al igual de los departamentos, sino por encima de los departamentos, porque es un departamento que tiene muchos m\u00e1s recursos naturales y muchos m\u00e1s recursos en extensi\u00f3n territorial, muchos m\u00e1s recursos log\u00edsticos que el resto de los departamentos.&nbsp;<\/p>\n\n\n\n<p>-\u00bfEn esa mirada incluye a todos los distritos?&nbsp;<\/p>\n\n\n\n<p>-S\u00ed, incluye El Algarrobal, El Pastal, El Borboll\u00f3n, Uspallata, todos los distritos. Pero lo que pasa es que ah\u00ed tenemos un problema (hace el adem\u00e1s de entre comillas), porque Las Heras, al ser tan extensas, tienen distintas fisonom\u00edas, digamos. Las Heras es muy heterog\u00e9nea en su matriz productiva, pero con buenas obras de conectividad con una buena articulaci\u00f3n entre Estado y sector privado, que hoy d\u00eda no hay, no hay una mesa donde se discute con el Estado cu\u00e1les son las inversiones que el Estado debe llevar adelante para que el sector privado acompa\u00f1e atr\u00e1s con la inversi\u00f3n. Todo el departamento va a crecer en toda su extensi\u00f3n. La matriz productiva tiene que ver con esto, por ejemplo, hoy d\u00eda tenemos una cementera, pero tenemos la posibilidad de enfrente de esa industria, en las minas de Salagasta, poner otra f\u00e1brica de cemento y cal.<\/p>\n\n\n\n<p>-Tenemos la posibilidad de desarrollar el parque industrial. Tenemos la posibilidad de hacer un centro log\u00edstico, tanto de trenes, para hacer un &#8220;hub&#8221; (centro de conexi\u00f3n e intercambio) con Belgrano Cargas, como tiene Palmira, y adem\u00e1s tenemos el aeropuerto para empezar a aumentar la capacidad de transporte de carga y de exportaci\u00f3n. Va a llegar el Metrotranv\u00eda hasta el aeropuerto, o sea, el turista va a llegar, va a ingresar al departamento, a la provincia, a trav\u00e9s del Metrotranv\u00eda. O sea, tenemos la posibilidad de que en la pr\u00f3xima d\u00e9cada Las Heras sea el gran departamento a desarrollarse.<\/p>\n\n\n\n<p>-Imagino que Uspallata es un caso en particular en ese an\u00e1lisis.<\/p>\n\n\n\n<p>Uspallata es la ciudad cabecera de Alta Monta\u00f1a. Nosotros ah\u00ed tenemos que terminar una obra que es imprescindible, que nos hemos comprometido con los ciudadanos, que es la obra de Altos Verdes, un barrio muy grande de Uspallata. Tenemos obras de gran magnitud como la costanera de Uspallata, conectar con una frecuencia Uspallata con Alta Monta\u00f1a, sobre todo ahora que estamos viendo que hay grandes nevadas, entonces poder trabajar con los operadores tur\u00edsticos, una conexi\u00f3n que sea m\u00e1s transitable y que achique las brechas de distancia con los sectores de esqu\u00ed o de recreaci\u00f3n de nieve.<\/p>\n\n\n\n<p>Cornejo, Suarez y Orozco<\/p>\n\n\n\n<p><strong>\u2022 Primer periodo desde 2015.<\/strong>&nbsp;&#8220;Alfredo Cornejo ha sido un gobernador que le dio mucho a Las Heras&nbsp; a trav\u00e9s del Programa de Infraestructura municipal, y a trav\u00e9s de la llegada del Metrotranv\u00eda. Hizo distintas obras que fueron muy importantes para el departamento. Por eso la gesti\u00f3n del 2015 al 2019 es tan bien recordada&#8221;.<\/p>\n\n\n\n<p><strong>\u2022 Segundo tiempo desde 2019.&nbsp;<\/strong>&#8220;La relaci\u00f3n entre Gobierno-Municipio cambi\u00f3 porque Orozco ve\u00eda a Rodolfo Suarez como un par y nunca pudo trabajar con \u00e9l, sin embargo Su\u00e1rez tuvo siempre la mejor predisposici\u00f3n para el municipio de hecho si se suma la cantidad de fondos que en un momento nos dio, fueron 250 millones de pesos con eso hicimos obras de infraestructura y la plaza 2 de Abril todo con financiamiento provincial. Tambi\u00e9n financi\u00f3 parte de lo que es el Acueducto del Pedemonte que nunca se hizo por impericia del municipio. Se hizo un anuncio junto con Masa pero qued\u00f3 en la nada&#8221;.&nbsp;<\/p>\n\n\n\n<p><strong>\u2022 Que hay que hacer desde 2023.\u00a0<\/strong>\u00a0&#8220;La primera medida es bajar un 70 por ciento la cantidad de la planta de funcionarios. De 200 funcionarios a hay que llevarlos a 60 funcionarios. Vamos a iniciar gestionando con 60 funcionarios creemos que se puede hacer con menos. Esos 1500 millones de pesos anuales que nos vamos a ahorrar van a ser destinados estrictamente a obra p\u00fablica&#8221;.\u00a0\u00a0<\/p>\n\n\n\n<p>FUENTE: mendozapost.<\/p>\n","protected":false},"excerpt":{"rendered":"<p>Francisco Lo Presti\u00a0no busc\u00f3 pre\u00e1mbulos para iniciar esta entrevista con el POST. Ya pasaron 124 d\u00edas de aquella primera conversaci\u00f3n con el ahora candidato a intendente de\u00a0Las Heras\u00a0por Cambia Mendoza. En estos d\u00edas el ex secretario del municipio est\u00e1 concentrado en la campa\u00f1a electoral pensando en el domingo 24, cuando tengamos que\u00a0votar para elegir gobernador [&hellip;]<\/p>\n","protected":false},"author":2,"featured_media":1270,"comment_status":"open","ping_status":"open","sticky":true,"template":"","format":"standard","meta":[],"categories":[47],"tags":[],"_links":{"self":[{"href":"https:\/\/pasaenmendoza.com\/index.php?rest_route=\/wp\/v2\/posts\/1266"}],"collection":[{"href":"https:\/\/pasaenmendoza.com\/index.php?rest_route=\/wp\/v2\/posts"}],"about":[{"href":"https:\/\/pasaenmendoza.com\/index.php?rest_route=\/wp\/v2\/types\/post"}],"author":[{"embeddable":true,"href":"https:\/\/pasaenmendoza.com\/index.php?rest_route=\/wp\/v2\/users\/2"}],"replies":[{"embeddable":true,"href":"https:\/\/pasaenmendoza.com\/index.php?rest_route=%2Fwp%2Fv2%2Fcomments&post=1266"}],"version-history":[{"count":1,"href":"https:\/\/pasaenmendoza.com\/index.php?rest_route=\/wp\/v2\/posts\/1266\/revisions"}],"predecessor-version":[{"id":1272,"href":"https:\/\/pasaenmendoza.com\/index.php?rest_route=\/wp\/v2\/posts\/1266\/revisions\/1272"}],"wp:featuredmedia":[{"embeddable":true,"href":"https:\/\/pasaenmendoza.com\/index.php?rest_route=\/wp\/v2\/media\/1270"}],"wp:attachment":[{"href":"https:\/\/pasaenmendoza.com\/index.php?rest_route=%2Fwp%2Fv2%2Fmedia&parent=1266"}],"wp:term":[{"taxonomy":"category","embeddable":true,"href":"https:\/\/pasaenmendoza.com\/index.php?rest_route=%2Fwp%2Fv2%2Fcategories&post=1266"},{"taxonomy":"post_tag","embeddable":true,"href":"https:\/\/pasaenmendoza.com\/index.php?rest_route=%2Fwp%2Fv2%2Ftags&post=1266"}],"curies":[{"name":"wp","href":"https:\/\/api.w.org\/{rel}","templated":true}]}}