{"id":12660,"date":"2025-04-25T17:07:35","date_gmt":"2025-04-25T15:07:35","guid":{"rendered":"https:\/\/pasaenmendoza.com\/?p=12660"},"modified":"2025-04-25T17:07:36","modified_gmt":"2025-04-25T15:07:36","slug":"un-auto-choco-contra-un-micro-en-ciudad-y-termino-en-la-vereda","status":"publish","type":"post","link":"https:\/\/pasaenmendoza.com\/?p=12660","title":{"rendered":"Un auto choc\u00f3 contra un micro en Ciudad y termin\u00f3 en la vereda"},"content":{"rendered":"\n<p>En la\u00a0<strong>ma\u00f1ana de este viernes<\/strong>, aproximadamente a las 7:45, se produjo un\u00a0<strong>fuerte accidente<\/strong>\u00a0en la intersecci\u00f3n de calles\u00a0<strong>Rioja y Formosa<\/strong>, de\u00a0<strong>Ciudad<\/strong>.<\/p>\n\n\n\n<p>Un\u00a0<strong>colectivo de la l\u00ednea 700\u00a0<\/strong>colision\u00f3 con un\u00a0<strong>Fiat Argo<\/strong>. El impacto fue tan severo que el autom\u00f3vil volc\u00f3 y se desplaz\u00f3 contra la vereda, generando una escena de caos en la zona.<\/p>\n\n\n\n<p>Los primeros informes indican que, a pesar de la magnitud del accidente, las lesiones reportadas son leves.\u00a0 El colectivo circulaba por\u00a0 Rioja cuando colision\u00f3 con el Fiat Argo que transitaba por\u00a0 Formosa.\u00a0<\/p>\n\n\n\n<p>Tanto el conductor del Fiat Argo como algunos pasajeros del colectivo recibieron atenci\u00f3n m\u00e9dica en el lugar, pero no se han registrado heridos de gravedad.&nbsp;<\/p>\n\n\n\n<p>En el lugar del accidente, se encuentra trabajando personal de tr\u00e1nsito, quienes est\u00e1n llevando a cabo una investigaci\u00f3n para determinar las causas exactas del siniestro.\u00a0<\/p>\n\n\n\n<p><strong>Fuente: www.mendozapost.com<\/strong><\/p>\n","protected":false},"excerpt":{"rendered":"<p>En la\u00a0ma\u00f1ana de este viernes, aproximadamente a las 7:45, se produjo un\u00a0fuerte accidente\u00a0en la intersecci\u00f3n de calles\u00a0Rioja y Formosa, de\u00a0Ciudad. Un\u00a0colectivo de la l\u00ednea 700\u00a0colision\u00f3 con un\u00a0Fiat Argo. El impacto fue tan severo que el autom\u00f3vil volc\u00f3 y se desplaz\u00f3 contra la vereda, generando una escena de caos en la zona. Los primeros informes indican [&hellip;]<\/p>\n","protected":false},"author":2,"featured_media":12661,"comment_status":"open","ping_status":"open","sticky":false,"template":"","format":"standard","meta":[],"categories":[48],"tags":[],"_links":{"self":[{"href":"https:\/\/pasaenmendoza.com\/index.php?rest_route=\/wp\/v2\/posts\/12660"}],"collection":[{"href":"https:\/\/pasaenmendoza.com\/index.php?rest_route=\/wp\/v2\/posts"}],"about":[{"href":"https:\/\/pasaenmendoza.com\/index.php?rest_route=\/wp\/v2\/types\/post"}],"author":[{"embeddable":true,"href":"https:\/\/pasaenmendoza.com\/index.php?rest_route=\/wp\/v2\/users\/2"}],"replies":[{"embeddable":true,"href":"https:\/\/pasaenmendoza.com\/index.php?rest_route=%2Fwp%2Fv2%2Fcomments&post=12660"}],"version-history":[{"count":1,"href":"https:\/\/pasaenmendoza.com\/index.php?rest_route=\/wp\/v2\/posts\/12660\/revisions"}],"predecessor-version":[{"id":12662,"href":"https:\/\/pasaenmendoza.com\/index.php?rest_route=\/wp\/v2\/posts\/12660\/revisions\/12662"}],"wp:featuredmedia":[{"embeddable":true,"href":"https:\/\/pasaenmendoza.com\/index.php?rest_route=\/wp\/v2\/media\/12661"}],"wp:attachment":[{"href":"https:\/\/pasaenmendoza.com\/index.php?rest_route=%2Fwp%2Fv2%2Fmedia&parent=12660"}],"wp:term":[{"taxonomy":"category","embeddable":true,"href":"https:\/\/pasaenmendoza.com\/index.php?rest_route=%2Fwp%2Fv2%2Fcategories&post=12660"},{"taxonomy":"post_tag","embeddable":true,"href":"https:\/\/pasaenmendoza.com\/index.php?rest_route=%2Fwp%2Fv2%2Ftags&post=12660"}],"curies":[{"name":"wp","href":"https:\/\/api.w.org\/{rel}","templated":true}]}}