{"id":12664,"date":"2025-04-25T23:23:49","date_gmt":"2025-04-25T21:23:49","guid":{"rendered":"https:\/\/pasaenmendoza.com\/?p=12664"},"modified":"2025-04-25T23:23:50","modified_gmt":"2025-04-25T21:23:50","slug":"aumentaron-hasta-un-35-las-consultas-en-las-guardias-de-los-hospitales-publicos-de-mendoza","status":"publish","type":"post","link":"https:\/\/pasaenmendoza.com\/?p=12664","title":{"rendered":"Aumentaron hasta un 35% las consultas en las guardias de los hospitales p\u00fablicos de Mendoza"},"content":{"rendered":"\n<p>La\u00a0<strong>salud p\u00fablica de Mendoza<\/strong>\u00a0se encuentra bajo una presi\u00f3n creciente. Al\u00a0conflicto entre los traumat\u00f3logos y el PAMI, tambi\u00e9n se le suma el<strong>\u00a0incremento de consultas en las guardias de los hospitales<\/strong>\u00a0que, seg\u00fan el ministro de Salud de Mendoza, Rodolfo Montero, ascienden hasta un 35%, en los \u00faltimos meses.<\/p>\n\n\n\n<p>El funcionario recalc\u00f3 que detr\u00e1s de este aumento se esconde una problem\u00e1tica multifactorial que expone la fragilidad del acceso a la salud privada, donde<strong>&nbsp;\u201cla p\u00e9rdida de prepagas por la crisis econ\u00f3mica y el pago extra de los coseguros empujan a cada vez m\u00e1s personas a buscar contenci\u00f3n en el sistema estatal\u201d.<\/strong><\/p>\n\n\n\n<p>Claramente esta situaci\u00f3n preocupa y mucho a los referentes locales, ya que el sistema sanitario tiene un l\u00edmite que, con este panorama, estar\u00eda comenzando a tensarse.<\/p>\n\n\n\n<p>\u201cEl sistema est\u00e1 configurado para que el p\u00fablico atienda al 50% de los mendocinos y el privado a la otra mitad. Si la gente se sigue volcando al p\u00fablico, muchas veces, porque en el privado no encuentra respuestas,\u00a0<strong>el problema ser\u00e1 grave ya que se saturar\u00e1 el sistema\u201d<\/strong>, coment\u00f3 Montero.<\/p>\n\n\n\n<h2 class=\"wp-block-heading\" id=\"h-que-pasa-con-las-internaciones-y-las-cirugias\">\u00bfQu\u00e9 pasa con las internaciones y las cirug\u00edas?<\/h2>\n\n\n\n<p>Respecto a las&nbsp;<strong>internaciones<\/strong>, Montero asegur\u00f3 que \u201cel n\u00famero va variando\u201d. La mayor\u00eda de los pacientes que se encuentran internados son afiliados a PAMI y OSEP y, tambi\u00e9n, particulares que no cuentan con obras sociales.<\/p>\n\n\n\n<p>A la hora de dar cuenta de datos duros, el funcionario cont\u00f3 que\u00a0<strong>en el hospital Lagomaggiore, las internaciones crecieron un 15%, en el Central un 40% y las cifras en los nosocomios del Sur tambi\u00e9n rondan en un 40%.<\/strong><\/p>\n\n\n\n<p>Adem\u00e1s, el ministro manifest\u00f3 que\u00a0<strong>\u201cse est\u00e1 observando un aumento de cirug\u00edas en el \u00e1rea de Traumatolog\u00eda<\/strong>, sobre todo, a partir del conflicto suscitado entre las cl\u00ednicas privadas y el PAMI\u201d.<\/p>\n\n\n\n<p>A modo de ejemplo, dijo que en la actualidad, \u201chay 15 pacientes de PAMI que se encuentran internadas en el \u00e1rea de traumatolog\u00eda de varias cl\u00ednicas privadas y, por falta de atenci\u00f3n, est\u00e1n con posibilidad de traslado a los efectores p\u00fablicos\u201d.<\/p>\n\n\n\n<p>\u201cSi bien estamos resistiendo con mucho compromiso de los profesionales, es una realidad que la ocupaci\u00f3n en el sector<strong>&nbsp;puede llegar a complicarse si esta situaci\u00f3n se extiende en el tiempo<\/strong>\u201c, recalc\u00f3 Montero.<\/p>\n\n\n\n<h2 class=\"wp-block-heading\" id=\"h-para-los-privados-las-cifras-se-mantienen\">Para los privados, las cifras se mantienen<\/h2>\n\n\n\n<p>En contraposici\u00f3n con lo referido por la autoridad local,&nbsp;<strong>desde las cl\u00ednicas privadas expresaron que la situaci\u00f3n en los efectores es de mucha demanda<\/strong>. \u201cLas guardias est\u00e1n a full, con una atenci\u00f3n constante desde hace d\u00edas\u201d, expresaron.<\/p>\n\n\n\n<p>Asimismo, advirtieron que las cifras se mantienen respecto al a\u00f1o pasado, es decir, el 42% de la poblaci\u00f3n de&nbsp;<strong>Mendoza&nbsp;<\/strong>se atiende en el sector p\u00fablico y el resto en el privado.<\/p>\n\n\n\n<p>\u201cIndependientemente del cobro de coseguro, que ha sido un tema de debate, la gente accede al sector y se atiende igual\u201d, aseguraron.<\/p>\n\n\n\n<p><strong>En lo que respecta a internaciones, s\u00ed asumieron que est\u00e1n \u201cun poco complicados<\/strong>\u201c, sobre todo, en el sector traumatolog\u00eda, ya que los pacientes est\u00e1n internados a la espera de una cirug\u00eda, que no se da por un conflicto entre especialistas y el PAMI, y mientras esto se resuelve, ocupan una cama que podr\u00eda ser utilizada para otra patolog\u00eda.<\/p>\n\n\n\n<p><strong>Fuente: www.elsol.com.ar<\/strong><\/p>\n","protected":false},"excerpt":{"rendered":"<p>La\u00a0salud p\u00fablica de Mendoza\u00a0se encuentra bajo una presi\u00f3n creciente. Al\u00a0conflicto entre los traumat\u00f3logos y el PAMI, tambi\u00e9n se le suma el\u00a0incremento de consultas en las guardias de los hospitales\u00a0que, seg\u00fan el ministro de Salud de Mendoza, Rodolfo Montero, ascienden hasta un 35%, en los \u00faltimos meses. El funcionario recalc\u00f3 que detr\u00e1s de este aumento se [&hellip;]<\/p>\n","protected":false},"author":2,"featured_media":12665,"comment_status":"open","ping_status":"open","sticky":false,"template":"","format":"standard","meta":[],"categories":[58],"tags":[],"_links":{"self":[{"href":"https:\/\/pasaenmendoza.com\/index.php?rest_route=\/wp\/v2\/posts\/12664"}],"collection":[{"href":"https:\/\/pasaenmendoza.com\/index.php?rest_route=\/wp\/v2\/posts"}],"about":[{"href":"https:\/\/pasaenmendoza.com\/index.php?rest_route=\/wp\/v2\/types\/post"}],"author":[{"embeddable":true,"href":"https:\/\/pasaenmendoza.com\/index.php?rest_route=\/wp\/v2\/users\/2"}],"replies":[{"embeddable":true,"href":"https:\/\/pasaenmendoza.com\/index.php?rest_route=%2Fwp%2Fv2%2Fcomments&post=12664"}],"version-history":[{"count":1,"href":"https:\/\/pasaenmendoza.com\/index.php?rest_route=\/wp\/v2\/posts\/12664\/revisions"}],"predecessor-version":[{"id":12666,"href":"https:\/\/pasaenmendoza.com\/index.php?rest_route=\/wp\/v2\/posts\/12664\/revisions\/12666"}],"wp:featuredmedia":[{"embeddable":true,"href":"https:\/\/pasaenmendoza.com\/index.php?rest_route=\/wp\/v2\/media\/12665"}],"wp:attachment":[{"href":"https:\/\/pasaenmendoza.com\/index.php?rest_route=%2Fwp%2Fv2%2Fmedia&parent=12664"}],"wp:term":[{"taxonomy":"category","embeddable":true,"href":"https:\/\/pasaenmendoza.com\/index.php?rest_route=%2Fwp%2Fv2%2Fcategories&post=12664"},{"taxonomy":"post_tag","embeddable":true,"href":"https:\/\/pasaenmendoza.com\/index.php?rest_route=%2Fwp%2Fv2%2Ftags&post=12664"}],"curies":[{"name":"wp","href":"https:\/\/api.w.org\/{rel}","templated":true}]}}