{"id":1267,"date":"2023-09-07T14:48:27","date_gmt":"2023-09-07T12:48:27","guid":{"rendered":"https:\/\/pasaenmendoza.com\/?p=1267"},"modified":"2023-09-07T14:48:27","modified_gmt":"2023-09-07T12:48:27","slug":"fresco-y-con-lloviznas-el-pronostico-para-este-jueves","status":"publish","type":"post","link":"https:\/\/pasaenmendoza.com\/?p=1267","title":{"rendered":"Fresco y con lloviznas: el pron\u00f3stico para este jueves"},"content":{"rendered":"\n<p>\u00a0Seg\u00fan inform\u00f3 la Direcci\u00f3n de Contingencias Clim\u00e1ticas, el pron\u00f3stico para el Gran Mendoza indica parcialmente\u00a0<strong>nublado con lluvias y descenso de la temperatura<\/strong>, vientos moderados del sudeste.<\/p>\n\n\n\n<p><strong>Hay probabilidad de chaparrones o tormentas<\/strong>\u00a0desde la madrugada. No se esperan heladas y habr\u00e1 nevadas en cordillera.<\/p>\n\n\n\n<p>La\u00a0<strong>m\u00e1xima estar\u00e1 en 15\u00baC<\/strong>\u00a0y la m\u00ednima es de 7\u00baC.<\/p>\n\n\n\n<p>Para el viernes, en tanto, se espera que nuevamente haya una jornada parcialmente nublada con ascenso de la temperatura, vientos leves del noreste. La m\u00e1xima llegar\u00e1 a los 19\u00baC y la m\u00ednima ser\u00e1 de 4\u00baC.<\/p>\n\n\n\n<p>El s\u00e1bado, por su parte,\u00a0<strong>hay pron\u00f3stico de zonda<\/strong>. Se espera un s\u00e1bado parcialmente nublado con ascenso de la temperatura, vientos leves del noreste. Probabilidad de viento zonda en la tarde e inestabilidad en la cordillera.<\/p>\n\n\n\n<p>La m\u00e1xima subir\u00e1 y llegar\u00e1 a los 25\u00baC, mientras que la m\u00ednima estar\u00e1 en 7\u00baC.<\/p>\n\n\n\n<p><strong>Fuente: www.mendozapost.com<\/strong><\/p>\n","protected":false},"excerpt":{"rendered":"<p>\u00a0Seg\u00fan inform\u00f3 la Direcci\u00f3n de Contingencias Clim\u00e1ticas, el pron\u00f3stico para el Gran Mendoza indica parcialmente\u00a0nublado con lluvias y descenso de la temperatura, vientos moderados del sudeste. Hay probabilidad de chaparrones o tormentas\u00a0desde la madrugada. No se esperan heladas y habr\u00e1 nevadas en cordillera. La\u00a0m\u00e1xima estar\u00e1 en 15\u00baC\u00a0y la m\u00ednima es de 7\u00baC. Para el viernes, [&hellip;]<\/p>\n","protected":false},"author":2,"featured_media":1268,"comment_status":"open","ping_status":"open","sticky":false,"template":"","format":"standard","meta":[],"categories":[52],"tags":[],"_links":{"self":[{"href":"https:\/\/pasaenmendoza.com\/index.php?rest_route=\/wp\/v2\/posts\/1267"}],"collection":[{"href":"https:\/\/pasaenmendoza.com\/index.php?rest_route=\/wp\/v2\/posts"}],"about":[{"href":"https:\/\/pasaenmendoza.com\/index.php?rest_route=\/wp\/v2\/types\/post"}],"author":[{"embeddable":true,"href":"https:\/\/pasaenmendoza.com\/index.php?rest_route=\/wp\/v2\/users\/2"}],"replies":[{"embeddable":true,"href":"https:\/\/pasaenmendoza.com\/index.php?rest_route=%2Fwp%2Fv2%2Fcomments&post=1267"}],"version-history":[{"count":1,"href":"https:\/\/pasaenmendoza.com\/index.php?rest_route=\/wp\/v2\/posts\/1267\/revisions"}],"predecessor-version":[{"id":1269,"href":"https:\/\/pasaenmendoza.com\/index.php?rest_route=\/wp\/v2\/posts\/1267\/revisions\/1269"}],"wp:featuredmedia":[{"embeddable":true,"href":"https:\/\/pasaenmendoza.com\/index.php?rest_route=\/wp\/v2\/media\/1268"}],"wp:attachment":[{"href":"https:\/\/pasaenmendoza.com\/index.php?rest_route=%2Fwp%2Fv2%2Fmedia&parent=1267"}],"wp:term":[{"taxonomy":"category","embeddable":true,"href":"https:\/\/pasaenmendoza.com\/index.php?rest_route=%2Fwp%2Fv2%2Fcategories&post=1267"},{"taxonomy":"post_tag","embeddable":true,"href":"https:\/\/pasaenmendoza.com\/index.php?rest_route=%2Fwp%2Fv2%2Ftags&post=1267"}],"curies":[{"name":"wp","href":"https:\/\/api.w.org\/{rel}","templated":true}]}}