{"id":12670,"date":"2025-04-25T23:36:05","date_gmt":"2025-04-25T21:36:05","guid":{"rendered":"https:\/\/pasaenmendoza.com\/?p=12670"},"modified":"2025-04-25T23:36:06","modified_gmt":"2025-04-25T21:36:06","slug":"cornejo-oficializo-el-plan-que-acordo-con-san-juan-y-san-luis-para-combatir-el-narcotrafico-en-conjunto","status":"publish","type":"post","link":"https:\/\/pasaenmendoza.com\/?p=12670","title":{"rendered":"Cornejo oficializ\u00f3 el plan que acord\u00f3 con San Juan y San Luis para combatir el narcotr\u00e1fico en conjunto"},"content":{"rendered":"\n<p>El gobernador\u00a0<strong>Alfredo Cornejo<\/strong>\u00a0aprob\u00f3 este mes un convenio de colaboraci\u00f3n interjurisdiccional en materia de\u00a0<strong>seguridad\u00a0<\/strong>que se firm\u00f3 en mayo del a\u00f1o pasado junto a sus pares de San Juan y San Luis, Marcelo Orrego y Claudio Poggi, respectivamente, con la problem\u00e1tica del\u00a0<strong>narcotr\u00e1fico\u00a0<\/strong>en el centro de la escena.<\/p>\n\n\n\n<p>Desde el&nbsp;<strong>Ministerio de Seguridad&nbsp;<\/strong>confiaron que, si bien faltaba este tr\u00e1mite administrativo y que en San Juan la Legislatura lo vino a ratificar tambi\u00e9n este mes, el Plan Regional de Seguridad se puso en marcha en 2024 y ya se realizaron operativos conjuntos.<\/p>\n\n\n\n<p>El objetivo es coordinar controles y realizar operativos conjuntos con las fuerzas de las distintas jurisdicciones, especialmente en lo que hace a los delitos cometidos por bandas organizadas, como el\u00a0<strong>narcotr\u00e1fico<\/strong>.<\/p>\n\n\n\n<h2 class=\"wp-block-heading\">Qu\u00e9 implica el Plan Regional de Seguridad<\/h2>\n\n\n\n<p>El convenio regional de&nbsp;<strong>seguridad&nbsp;<\/strong>propone la interoperabilidad y vinculaci\u00f3n de c\u00e1maras de vigilancia ubicadas en los l\u00edmites, permitiendo un intercambio eficiente de informaci\u00f3n y la detecci\u00f3n temprana ante situaciones irregulares, paraderos, veh\u00edculos con medidas pendientes, entre otras.<\/p>\n\n\n\n<p>Los gobernadores de&nbsp;<strong>Mendoza, San Juan y San Luis&nbsp;<\/strong>tambi\u00e9n acordaron colaboraci\u00f3n mutua en lo referente a las medidas judiciales sobre personas, veh\u00edculos y otros bienes, y se comprometieron a abordar investigaciones de transcendencia en conjunto.<\/p>\n\n\n\n<p>El convenio implica, adem\u00e1s, la interacci\u00f3n con los \u00f3rganos judiciales de cada jurisdicci\u00f3n. Y el compromiso de intercambiar informaci\u00f3n en el marco de los anillos digitales que se implementen.<\/p>\n\n\n\n<p>Seg\u00fan aclara el propio convenio, la informaci\u00f3n que surja de esta interacci\u00f3n ser\u00e1 utilizada de manera confidencial, para el dise\u00f1o de pol\u00edticas estrat\u00e9gicas de&nbsp;<strong>seguridad&nbsp;<\/strong>de cada jurisdicci\u00f3n y de la regi\u00f3n.<\/p>\n\n\n\n<p>El Plan Regional de&nbsp;<strong>Seguridad&nbsp;<\/strong>tiene una duraci\u00f3n de cuatro a\u00f1os prorrogables autom\u00e1ticamente sin necesidad de notificaci\u00f3n.<\/p>\n\n\n\n<h2 class=\"wp-block-heading\">Operativos y unificaci\u00f3n de controles de seguridad en los l\u00edmites provinciales<\/h2>\n\n\n\n<p>La \u00faltima de las\u00a0tres reuniones que se llevaron a cabo desde la firma del convenio regional de\u00a0<strong>seguridad<\/strong> se realiz\u00f3 en San Juan. All\u00ed, la ministra mendocina Mercedes Rus, se encontr\u00f3 con sus pares de San Luis, Nancy Sosa, y de San Juan, el secretario de Estado de Seguridad y Orden P\u00fablico, Gustavo S\u00e1nchez.<\/p>\n\n\n\n<p>El objetivo de esos encuentros es lograr la unificaci\u00f3n y el refuerzo de los controles de&nbsp;<strong>seguridad&nbsp;<\/strong>que se realizan en los l\u00edmites interprovinciales.<\/p>\n\n\n\n<p>A su vez, ya se realizaron operativos interprovinciales e incluso se sum\u00f3 la participaci\u00f3n de&nbsp;<strong>Gendarmer\u00eda&nbsp;<\/strong>Nacional.<\/p>\n\n\n\n<p>\u201cLa coordinaci\u00f3n y la integraci\u00f3n tecnol\u00f3gica y operativa entre las tres provincias es fundamental para la persecuci\u00f3n y represi\u00f3n del delito. El robo de veh\u00edculos, el transporte de estupefacientes y de otras mercader\u00edas ilegales son temas que debemos trabajar en conjunto para un abordaje efectivo\u201d, destac\u00f3&nbsp;<strong>Mercedes Rus<\/strong>&nbsp;en su momento.<\/p>\n\n\n\n<p>Seg\u00fan cont\u00f3, al mismo tiempo se trabaja en conjunto en temas relacionados con el sistema penitenciario y en el control, los protocolos y los recursos del Iscamen.<\/p>\n\n\n\n<p>Respecto de los operativos, en febrero de este a\u00f1o, por ejemplo, se llev\u00f3 a cabo una intervenci\u00f3n de las&nbsp;<strong>polic\u00edas&nbsp;<\/strong>de Mendoza y San Juan, junto con Gendarmer\u00eda Nacional, en zona fronteriza.<\/p>\n\n\n\n<p>El objetivo, parte del Plan Regional de\u00a0<strong>Seguridad<\/strong>, fue el\u00a0<strong>control vehicular<\/strong>\u00a0e identificaci\u00f3n de personas con el objetivo de fortalecer la prevenci\u00f3n y la vigilancia. En ese operativo puntualmente se controlaron 125 personas, 80 veh\u00edculos y 15 motocicletas, y se labraron 11 actas de infracci\u00f3n por incumplimientos a la normativa vial.<\/p>\n\n\n\n<p><strong>Fuente: www.diariouno.com.ar<\/strong><\/p>\n","protected":false},"excerpt":{"rendered":"<p>El gobernador\u00a0Alfredo Cornejo\u00a0aprob\u00f3 este mes un convenio de colaboraci\u00f3n interjurisdiccional en materia de\u00a0seguridad\u00a0que se firm\u00f3 en mayo del a\u00f1o pasado junto a sus pares de San Juan y San Luis, Marcelo Orrego y Claudio Poggi, respectivamente, con la problem\u00e1tica del\u00a0narcotr\u00e1fico\u00a0en el centro de la escena. Desde el&nbsp;Ministerio de Seguridad&nbsp;confiaron que, si bien faltaba este tr\u00e1mite [&hellip;]<\/p>\n","protected":false},"author":2,"featured_media":12671,"comment_status":"open","ping_status":"open","sticky":false,"template":"","format":"standard","meta":[],"categories":[47],"tags":[],"_links":{"self":[{"href":"https:\/\/pasaenmendoza.com\/index.php?rest_route=\/wp\/v2\/posts\/12670"}],"collection":[{"href":"https:\/\/pasaenmendoza.com\/index.php?rest_route=\/wp\/v2\/posts"}],"about":[{"href":"https:\/\/pasaenmendoza.com\/index.php?rest_route=\/wp\/v2\/types\/post"}],"author":[{"embeddable":true,"href":"https:\/\/pasaenmendoza.com\/index.php?rest_route=\/wp\/v2\/users\/2"}],"replies":[{"embeddable":true,"href":"https:\/\/pasaenmendoza.com\/index.php?rest_route=%2Fwp%2Fv2%2Fcomments&post=12670"}],"version-history":[{"count":1,"href":"https:\/\/pasaenmendoza.com\/index.php?rest_route=\/wp\/v2\/posts\/12670\/revisions"}],"predecessor-version":[{"id":12672,"href":"https:\/\/pasaenmendoza.com\/index.php?rest_route=\/wp\/v2\/posts\/12670\/revisions\/12672"}],"wp:featuredmedia":[{"embeddable":true,"href":"https:\/\/pasaenmendoza.com\/index.php?rest_route=\/wp\/v2\/media\/12671"}],"wp:attachment":[{"href":"https:\/\/pasaenmendoza.com\/index.php?rest_route=%2Fwp%2Fv2%2Fmedia&parent=12670"}],"wp:term":[{"taxonomy":"category","embeddable":true,"href":"https:\/\/pasaenmendoza.com\/index.php?rest_route=%2Fwp%2Fv2%2Fcategories&post=12670"},{"taxonomy":"post_tag","embeddable":true,"href":"https:\/\/pasaenmendoza.com\/index.php?rest_route=%2Fwp%2Fv2%2Ftags&post=12670"}],"curies":[{"name":"wp","href":"https:\/\/api.w.org\/{rel}","templated":true}]}}