{"id":12673,"date":"2025-04-25T23:43:41","date_gmt":"2025-04-25T21:43:41","guid":{"rendered":"https:\/\/pasaenmendoza.com\/?p=12673"},"modified":"2025-04-25T23:43:42","modified_gmt":"2025-04-25T21:43:42","slug":"en-el-museo-municipal-de-arte-moderno-mas-de-80-obras-de-arte-se-ponen-a-la-venta","status":"publish","type":"post","link":"https:\/\/pasaenmendoza.com\/?p=12673","title":{"rendered":"En el Museo Municipal de Arte Moderno m\u00e1s de 80 obras de arte se ponen a la venta"},"content":{"rendered":"\n<p>Hasta el domingo, el coraz\u00f3n cultural de Mendoza se llena de color, creatividad y comunidad con la tercera edici\u00f3n de la\u00a0<strong>Feria AIRE<\/strong>, evento que se consolida como uno de los m\u00e1s relevantes del calendario art\u00edstico regional y el \u00fanico espacio p\u00fablico que se ofrece al\u00a0<strong>mercado del arte<\/strong>\u00a0con m\u00e1s de 80 obras visuales a la\u00a0<strong>venta<\/strong>.<\/p>\n\n\n\n<p>Este a\u00f1o, la&nbsp;<strong>feria&nbsp;<\/strong>se expande con una convocatoria abierta a artistas visuales de toda la regi\u00f3n de Cuyo, incorporando&nbsp;<strong>obras de arte&nbsp;<\/strong>de Mendoza, San Juan, San Luis y La Rioja, y reforzando su compromiso con la circulaci\u00f3n, comercializaci\u00f3n y divulgaci\u00f3n del&nbsp;<strong>arte contempor\u00e1neo<\/strong>.<\/p>\n\n\n\n<p>La sede ser\u00e1, una vez m\u00e1s, el\u00a0<strong>Museo Municipal de Arte Moderno\u00a0<\/strong>de Mendoza (MMAMM<strong>)<\/strong>\u00a0y el resto del Espacio Cultural Plaza Independencia, donde este fin de semana de 18 a 22, con entrada libre y gratuita, se desplegar\u00e1n 22 stands que albergan el trabajo de m\u00e1s de 80 artistas visuales.<\/p>\n\n\n\n<p>Organizada el&nbsp;<strong>Museo Municipal de Arte Moderno<\/strong>, dependiente de la Municipalidad de la Ciudad de Mendoza, la Feria AIRE se propuso este a\u00f1o ampliar horizontes y por ello convoc\u00f3 a artistas de toda la regi\u00f3n cuyana.<\/p>\n\n\n\n<p>De los 22 stands, 17 fueron seleccionados por convocatoria p\u00fablica (entre 43 propuestas), mientras que cinco est\u00e1n reservados para maestros de destacada trayectoria en el\u00a0<strong>arte visual<\/strong>\u00a0como Carlos \u00c9rcoli, Sergio Sergi, V\u00edctor Delhez y Luis Quesada,\u00a0el recientemente fallecido Egar Murillo, entre otros. Se expondr\u00e1n\u00a0<strong>obras de arte<\/strong>\u00a0hist\u00f3ricas y de arte contempor\u00e1neo.<\/p>\n\n\n\n<h2 class=\"wp-block-heading\">El arte visual cuyano se pone a la venta en el MMAMM<\/h2>\n\n\n\n<p>Seg\u00fan explicaron sus organizadores, la feria busca \u201capoyar la producci\u00f3n de artistas visuales de la regi\u00f3n Cuyo y las diversas plataformas de circulaci\u00f3n y comercializaci\u00f3n de arte\u201d.<\/p>\n\n\n\n<p>Tambi\u00e9n se propone ser un espacio de &#8220;encuentro e intercambio con p\u00fablicos amplios, promoviendo el desarrollo del\u00a0<strong>mercado del arte local<\/strong>\u00a0y la divulgaci\u00f3n de la producci\u00f3n visual cuyana&#8221;.<\/p>\n\n\n\n<p>Esta\u00a0<strong>feria de arte<\/strong>\u00a0es \u00fanica en su tipo, cumple tres ediciones ininterrumpidas y se destaca tambi\u00e9n por su programa de adquisici\u00f3n de obras para engrosar la colecci\u00f3n de\u00a0<strong>arte\u00a0<\/strong>del\u00a0<strong>Museo Municipal de Arte Moderno<\/strong>.<\/p>\n\n\n\n<p>Pinturas, esculturas, fotograf\u00edas, objetos art\u00edsticos, cer\u00e1micas, dibujos, obras textiles y grabados, sean de artistas consagrados o emergentes, forman parte del universo de propuestas que se pondr\u00e1n a la venta este fin de semana en el&nbsp;<strong>MMAMM<\/strong>.<\/p>\n\n\n\n<h2 class=\"wp-block-heading\">Radiograf\u00eda de una feria de arte para todos los p\u00fablicos<\/h2>\n\n\n\n<p>AIRE es m\u00e1s que una&nbsp;<strong>feria de arte<\/strong>: es un encuentro que involucra a la comunidad en todos sus niveles de entretenci\u00f3n.<\/p>\n\n\n\n<p>Durante los tres d\u00edas habr\u00e1 un&nbsp;<strong>Dj set al atardecer<\/strong>&nbsp;en la explanada del museo de la plaza Independencia con m\u00fasica a cargo de Antonietta, Mansa DJ, Malcriado y Sim\u00f3n Pendola. Adem\u00e1s se dispondr\u00e1 una zona gastron\u00f3mica con&nbsp;<strong>foodtrucks<\/strong>&nbsp;y recorridos guiados por los stands para acercar al p\u00fablico a las obras y sus creadores.<\/p>\n\n\n\n<p>Tambi\u00e9n se desarrollar\u00e1 un\u00a0<strong>ciclo de charlas<\/strong>\u00a0en el Teatro Quintanilla, con ejes en la gesti\u00f3n cultural, el rol de las editoriales independientes y la figura del artista como gestor. Participar\u00e1n referentes del\u00a0<strong>arte\u00a0<\/strong>y galeristas como Jana Fanjul y Julia Laurent, integrantes de la Plataforma Hijas del Arte.<\/p>\n\n\n\n<p>Para los m\u00e1s chicos habr\u00e1 un&nbsp;<strong>espacio interactivo&nbsp;<\/strong>en la biblioteca Ricardo Tudela, ubicada dentro del&nbsp;<strong>MMAMM<\/strong>, con juegos y actividades pensadas para acercarlos al&nbsp;<strong>arte<\/strong>&nbsp;desde lo l\u00fadico.<\/p>\n\n\n\n<p>En paralelo, el&nbsp;<strong>sector Editorial<\/strong>&nbsp;ofrecer\u00e1 publicaciones de editoriales y librer\u00edas independientes, autogestivas e institucionales como Babeuf Libros, Bardos Editorial, Cisne Ediciones, Cosset, la Editorial del Museo Franklin Rawson, EDIUNC, Grito Manso y \u00a1Ufa! Ediciones, entre muchas otras.<\/p>\n\n\n\n<h2 class=\"wp-block-heading\">Tres obras de arte se adquirir\u00e1n para la colecci\u00f3n del museo<\/h2>\n\n\n\n<p>El gran cierre de la feria ser\u00e1 el domingo por la noche con la entrega del Premio del P\u00fablico al Mejor Stand y la celebraci\u00f3n del&nbsp;<strong>Programa de Adquisici\u00f3n Patrimonial AIRE<\/strong>, gracias al acompa\u00f1amiento de la Constructora CRIBA, main sponsor de esta edici\u00f3n.<\/p>\n\n\n\n<p>Como en a\u00f1os anteriores, el\u00a0<strong>Museo Municipal de Arte Moderno<\/strong>\u00a0comprar\u00e1 obras para ampliar su colecci\u00f3n. \u201cDurante los tres a\u00f1os de vida de la feria hemos podido cumplir con este programa. Este a\u00f1o adquiriremos tres nuevas piezas seleccionadas por un comit\u00e9 del museo\u201d, detall\u00f3 Mariana Matar, jefa de \u00e1rea del MMAMM quien junto a Fabi\u00e1n Sama, coordinador del Espacio Cultural Plaza Independencia, est\u00e1n al frente de la organizaci\u00f3n.<\/p>\n\n\n\n<p>En 2022 con la Feria AIRE se sumaron 32 obras de peque\u00f1o formato a la colecci\u00f3n del\u00a0<strong>museo<\/strong>, y en 2023 se incorporaron tres\u00a0<strong>obras\u00a0<\/strong>de artistas que a\u00fan no estaban en la colecci\u00f3n.<\/p>\n\n\n\n<p>&#8220;Este a\u00f1o tenemos como main sponsor a la constructora&nbsp;<strong>CRIBA<\/strong>, ellos pondr\u00e1n el dinero para comprar las tres&nbsp;<strong>obras de arte<\/strong>&nbsp;que vamos a adquirir en el marco de la feria\u201d, remarc\u00f3 Mariana Matar.<\/p>\n\n\n\n<p>Y detall\u00f3 que un&nbsp;<strong>comit\u00e9 de selecci\u00f3n<\/strong>&nbsp;conformado por el equipo del museo en sus diferentes \u00e1reas de Restauro, Educaci\u00f3n, Archivo Documental y Producci\u00f3n se encargar\u00e1 de elegir las&nbsp;<strong>obras en adquisici\u00f3n<\/strong>, que ser\u00e1n reveladas al cierre de la feria, este domingo 27.<\/p>\n\n\n\n<h2 class=\"wp-block-heading\">Un espacio para celebrar la diversidad del arte visual<\/h2>\n\n\n\n<p>Entre los artistas y colectivos participantes de esta tercera edici\u00f3n de Feria AIRE destacan nombres nuevos y otros consolidados en el\u00a0<strong>mercado del arte<\/strong>\u00a0de la regi\u00f3n de Cuyo.<\/p>\n\n\n\n<p>Distribuidos en propuestas curatoriales, exhibir\u00e1n sus obras los grupos: Ovoide, POV, Guion Bajo, Borde, Marchita, Un Muro, Oda sobre Blanco, Victoria Coraz\u00f3n, El Clan, Guaymayork Galer\u00eda, Colectivo Pupa, Local Rosa Castillo, Plataforma Amiga, Ouroboros, Lafalce-Pappalardo-Fern\u00e1ndez, Xing Xing, Almac\u00e9n 333, Farkas-Quesada-Moyano, Daniel Rueda Arte, SASHA D Espacio de arte, Sergi-Delhez y Ceverino-Ciceri-\u00c9rcoli.<\/p>\n\n\n\n<p>Se trata de un espacio para celebrar las m\u00faltiples expresiones del&nbsp;<strong>arte visual<\/strong>, y darle cabida a la compra de obras que pocas veces tienen lugar en el \u00e1mbito p\u00fablico de Mendoza.<\/p>\n\n\n\n<p>La Feria AIRE 2025 se presenta de este modo &#8220;como una plataforma s\u00f3lida y en crecimiento para artistas y gestores culturales de la regi\u00f3n, una oportunidad para el p\u00fablico de descubrir y adquirir\u00a0<strong>obras de arte<\/strong>, y un espacio donde las distintas manifestaciones de la creaci\u00f3n visual dialogan, se exhiben y se ponen en circulaci\u00f3n&#8221;, resumieron desde el\u00a0<strong>Museo Municipal de Arte Moderno<\/strong>.<\/p>\n\n\n\n<p>As\u00ed las cosas, la Feria AIRE no s\u00f3lo es&nbsp;<strong>arte<\/strong>. Es tambi\u00e9n comunidad, pol\u00edtica cultural y apuesta al futuro.<\/p>\n\n\n\n<h2 class=\"wp-block-heading\">La programaci\u00f3n de Feria AIRE 2025<\/h2>\n\n\n\n<p><strong>Viernes 25<\/strong><\/p>\n\n\n\n<p>A las 19. Acto de apertura de la Feria. Escenario en el ingreso al museo.<\/p>\n\n\n\n<p>De 19 a 22. Dj set a cargo de Mansa DJ. Escenario en el ingreso al museo.<\/p>\n\n\n\n<p>A las 19.30. Recorrido guiado por stands.<\/p>\n\n\n\n<p>De 19 a 21. Espacio para infancias. Biblioteca Ricardo Tudela del Museo Municipal de Arte Moderno.<\/p>\n\n\n\n<p>De 20 a 21.30. Charla: &#8220;Gesti\u00f3n federal de artista\/gestor&#8221;, a cargo de Jana Fanjul de Plataforma Hijas del Arte. Teatro Quintanilla.<\/p>\n\n\n\n<p>A las 22. Cierre.<\/p>\n\n\n\n<p><strong>S\u00e1bado 26<\/strong><\/p>\n\n\n\n<p>A las 18. Apertura al p\u00fablico.<\/p>\n\n\n\n<p>De 18 a 22. DJ set a cargo de Lucas Malcriado. Escenario en el ingreso al museo.<\/p>\n\n\n\n<p>A las 19.30. Recorrido guiado por stands.<\/p>\n\n\n\n<p>De 18 a 21. Espacio para infancias. Biblioteca Ricardo Tudela del Museo Municipal de Arte Moderno.<\/p>\n\n\n\n<p>A las 22. Cierre.<\/p>\n\n\n\n<p><strong>Domingo 27<\/strong><\/p>\n\n\n\n<p>A las 18. Apertura al p\u00fablico.<\/p>\n\n\n\n<p>De 18 a 22. DJ set a cargo de Sim\u00f3n Pendola. Escenario en el ingreso al museo.<\/p>\n\n\n\n<p>A las 19.30. Recorrido guiado por stands.<\/p>\n\n\n\n<p>De 18 a 21. Espacio para infancias. Biblioteca Ricardo Tudela del Museo Municipal de Arte Moderno.<\/p>\n\n\n\n<p>De 19 a 20.30. Charla: &#8220;La pr\u00e1ctica editorial como pr\u00e1ctica curatorial&#8221;, a cargo de Julia Laurent, editora de Autoras en Tienda e integrante de Plataforma Hijas del Arte. Teatro Quintanilla.<\/p>\n\n\n\n<p>A las 21. Presentaci\u00f3n del Programa de Adquisici\u00f3n AIRE Feria y Premiaci\u00f3n del Mejor Stand.<\/p>\n\n\n\n<p>A las 22. Cierre.<\/p>\n\n\n\n<p><strong>Fuente: www.diariouno.com.ar<\/strong><\/p>\n","protected":false},"excerpt":{"rendered":"<p>Hasta el domingo, el coraz\u00f3n cultural de Mendoza se llena de color, creatividad y comunidad con la tercera edici\u00f3n de la\u00a0Feria AIRE, evento que se consolida como uno de los m\u00e1s relevantes del calendario art\u00edstico regional y el \u00fanico espacio p\u00fablico que se ofrece al\u00a0mercado del arte\u00a0con m\u00e1s de 80 obras visuales a la\u00a0venta. Este [&hellip;]<\/p>\n","protected":false},"author":2,"featured_media":12674,"comment_status":"open","ping_status":"open","sticky":false,"template":"","format":"standard","meta":[],"categories":[50],"tags":[],"_links":{"self":[{"href":"https:\/\/pasaenmendoza.com\/index.php?rest_route=\/wp\/v2\/posts\/12673"}],"collection":[{"href":"https:\/\/pasaenmendoza.com\/index.php?rest_route=\/wp\/v2\/posts"}],"about":[{"href":"https:\/\/pasaenmendoza.com\/index.php?rest_route=\/wp\/v2\/types\/post"}],"author":[{"embeddable":true,"href":"https:\/\/pasaenmendoza.com\/index.php?rest_route=\/wp\/v2\/users\/2"}],"replies":[{"embeddable":true,"href":"https:\/\/pasaenmendoza.com\/index.php?rest_route=%2Fwp%2Fv2%2Fcomments&post=12673"}],"version-history":[{"count":1,"href":"https:\/\/pasaenmendoza.com\/index.php?rest_route=\/wp\/v2\/posts\/12673\/revisions"}],"predecessor-version":[{"id":12675,"href":"https:\/\/pasaenmendoza.com\/index.php?rest_route=\/wp\/v2\/posts\/12673\/revisions\/12675"}],"wp:featuredmedia":[{"embeddable":true,"href":"https:\/\/pasaenmendoza.com\/index.php?rest_route=\/wp\/v2\/media\/12674"}],"wp:attachment":[{"href":"https:\/\/pasaenmendoza.com\/index.php?rest_route=%2Fwp%2Fv2%2Fmedia&parent=12673"}],"wp:term":[{"taxonomy":"category","embeddable":true,"href":"https:\/\/pasaenmendoza.com\/index.php?rest_route=%2Fwp%2Fv2%2Fcategories&post=12673"},{"taxonomy":"post_tag","embeddable":true,"href":"https:\/\/pasaenmendoza.com\/index.php?rest_route=%2Fwp%2Fv2%2Ftags&post=12673"}],"curies":[{"name":"wp","href":"https:\/\/api.w.org\/{rel}","templated":true}]}}