{"id":12676,"date":"2025-04-28T15:05:36","date_gmt":"2025-04-28T13:05:36","guid":{"rendered":"https:\/\/pasaenmendoza.com\/?p=12676"},"modified":"2025-04-28T15:05:36","modified_gmt":"2025-04-28T13:05:36","slug":"asi-estara-el-tiempo-en-mendoza-este-lunes","status":"publish","type":"post","link":"https:\/\/pasaenmendoza.com\/?p=12676","title":{"rendered":"As\u00ed estar\u00e1 el tiempo en Mendoza este lunes"},"content":{"rendered":"\n<p>Si bien el&nbsp;<strong>lunes&nbsp;<\/strong>comenz\u00f3 fresco en la ma\u00f1ana, mientras avancen las horas las&nbsp;<strong>temperaturas&nbsp;<\/strong>ir\u00e1n en aumento y se aguarda que la jornada est\u00e9 mayormente&nbsp;<strong>despejada<\/strong>.<\/p>\n\n\n\n<p>Poca nubosidad con ascenso de la temperatura, vientos moderados del noreste. Poco nuboso en cordillera marc\u00f3&nbsp;<strong>Contingencias Clim\u00e1ticas<\/strong>&nbsp;para este lunes. La m\u00e1xima llegar\u00e1 a los 24\u00baC y la m\u00ednima a los 10\u00baC.<\/p>\n\n\n\n<p>El\u00a0<strong>Servicio Meteorol\u00f3gico Nacional<\/strong>\u00a0no emiti\u00f3 ning\u00fan tipo de alerta para este lunes, por lo que no se esperan fen\u00f3menos que puedan afectar a la provincia.<\/p>\n\n\n\n<p>Para el martes y mi\u00e9rcoles las m\u00e1ximas se mantendr\u00e1n en 25\u00b0C, con\u00a0<strong>temperaturas\u00a0<\/strong>similares a las de este lunes. Para el jueves se espera que el pico se instale cerca de los 27\u00b0C, seg\u00fan indican los modelos.<\/p>\n\n\n\n<p><strong>Fuente: www.elsol.com.ar<\/strong><\/p>\n","protected":false},"excerpt":{"rendered":"<p>Si bien el&nbsp;lunes&nbsp;comenz\u00f3 fresco en la ma\u00f1ana, mientras avancen las horas las&nbsp;temperaturas&nbsp;ir\u00e1n en aumento y se aguarda que la jornada est\u00e9 mayormente&nbsp;despejada. Poca nubosidad con ascenso de la temperatura, vientos moderados del noreste. Poco nuboso en cordillera marc\u00f3&nbsp;Contingencias Clim\u00e1ticas&nbsp;para este lunes. La m\u00e1xima llegar\u00e1 a los 24\u00baC y la m\u00ednima a los 10\u00baC. El\u00a0Servicio Meteorol\u00f3gico [&hellip;]<\/p>\n","protected":false},"author":2,"featured_media":12677,"comment_status":"open","ping_status":"open","sticky":false,"template":"","format":"standard","meta":[],"categories":[52],"tags":[],"_links":{"self":[{"href":"https:\/\/pasaenmendoza.com\/index.php?rest_route=\/wp\/v2\/posts\/12676"}],"collection":[{"href":"https:\/\/pasaenmendoza.com\/index.php?rest_route=\/wp\/v2\/posts"}],"about":[{"href":"https:\/\/pasaenmendoza.com\/index.php?rest_route=\/wp\/v2\/types\/post"}],"author":[{"embeddable":true,"href":"https:\/\/pasaenmendoza.com\/index.php?rest_route=\/wp\/v2\/users\/2"}],"replies":[{"embeddable":true,"href":"https:\/\/pasaenmendoza.com\/index.php?rest_route=%2Fwp%2Fv2%2Fcomments&post=12676"}],"version-history":[{"count":1,"href":"https:\/\/pasaenmendoza.com\/index.php?rest_route=\/wp\/v2\/posts\/12676\/revisions"}],"predecessor-version":[{"id":12678,"href":"https:\/\/pasaenmendoza.com\/index.php?rest_route=\/wp\/v2\/posts\/12676\/revisions\/12678"}],"wp:featuredmedia":[{"embeddable":true,"href":"https:\/\/pasaenmendoza.com\/index.php?rest_route=\/wp\/v2\/media\/12677"}],"wp:attachment":[{"href":"https:\/\/pasaenmendoza.com\/index.php?rest_route=%2Fwp%2Fv2%2Fmedia&parent=12676"}],"wp:term":[{"taxonomy":"category","embeddable":true,"href":"https:\/\/pasaenmendoza.com\/index.php?rest_route=%2Fwp%2Fv2%2Fcategories&post=12676"},{"taxonomy":"post_tag","embeddable":true,"href":"https:\/\/pasaenmendoza.com\/index.php?rest_route=%2Fwp%2Fv2%2Ftags&post=12676"}],"curies":[{"name":"wp","href":"https:\/\/api.w.org\/{rel}","templated":true}]}}