{"id":12679,"date":"2025-04-28T15:19:39","date_gmt":"2025-04-28T13:19:39","guid":{"rendered":"https:\/\/pasaenmendoza.com\/?p=12679"},"modified":"2025-04-28T15:19:40","modified_gmt":"2025-04-28T13:19:40","slug":"se-viene-un-nuevo-aumento-en-la-tarifa-de-taxis-y-remises-en-mendoza-de-cuanto-sera","status":"publish","type":"post","link":"https:\/\/pasaenmendoza.com\/?p=12679","title":{"rendered":"Se viene un nuevo aumento en la tarifa de taxis y remises en Mendoza: de cu\u00e1nto ser\u00e1"},"content":{"rendered":"\n<p>El Ente de la Movilidad Provincial (<strong>EMOP<\/strong>) convoc\u00f3 formalmente a una\u00a0<strong>audiencia p\u00fablica\u00a0<\/strong>para discutir el\u00a0<strong>incremento\u00a0<\/strong>en las tarifas de taxis y remises, ante el pedido de aumento presentado por distintas c\u00e1maras empresariales del sector.<\/p>\n\n\n\n<p>Las solicitudes de incremento tarifario fueron presentadas por&nbsp;<strong>APROTAM<\/strong>, ATARSUR y CETAX, con pedidos de&nbsp;<strong>aumento&nbsp;<\/strong>que oscilan entre el 20,8% y el 28,3%.<\/p>\n\n\n\n<p>Tras el an\u00e1lisis de los estudios de costos correspondientes, la Subdirecci\u00f3n de Tarifas y Supervisi\u00f3n del EMOP&nbsp;<strong>concluy\u00f3 que existe un desfasaje tarifario del 21,11%<\/strong>&nbsp;respecto a los costos actuales, tomando como referencia la \u00faltima actualizaci\u00f3n realizada mediante la Resoluci\u00f3n N\u00b0 1540\/24.<\/p>\n\n\n\n<p>Es por eso que el Gobierno resolvi\u00f3 convocar a una audiencia p\u00fablica que se realizar\u00e1 el pr\u00f3ximo\u00a0<strong>22 de mayo<\/strong>. La \u00faltima reuni\u00f3n al respecto se hab\u00eda realizado a fines de 2024 y actualmente la bajada de bandera est\u00e1 en $1.359 para los viajes diurnos en taxis, mientras que el reloj empieza a contar desde los $1.137 en viajes nocturnos.<\/p>\n\n\n\n<p>Los interesados en participar como oradores deber\u00e1n inscribirse previamente, hasta el 16 de mayo, enviando un correo electr\u00f3nico a\u00a0<strong>mesadeentrada@emop.com.ar<\/strong>. Cada participante contar\u00e1 con un m\u00e1ximo de 10 minutos para exponer su posici\u00f3n.<\/p>\n\n\n\n<p>El EMOP destac\u00f3 que este proceso \u201cbusca garantizar la participaci\u00f3n de todos los sectores involucrados y de los usuarios, permiti\u00e9ndoles expresar su apoyo, oposici\u00f3n o sugerencias respecto del ajuste tarifario propuesto\u201d.<\/p>\n\n\n\n<p><strong>Fuente: www.elsol.com.ar<\/strong><\/p>\n","protected":false},"excerpt":{"rendered":"<p>El Ente de la Movilidad Provincial (EMOP) convoc\u00f3 formalmente a una\u00a0audiencia p\u00fablica\u00a0para discutir el\u00a0incremento\u00a0en las tarifas de taxis y remises, ante el pedido de aumento presentado por distintas c\u00e1maras empresariales del sector. Las solicitudes de incremento tarifario fueron presentadas por&nbsp;APROTAM, ATARSUR y CETAX, con pedidos de&nbsp;aumento&nbsp;que oscilan entre el 20,8% y el 28,3%. Tras el [&hellip;]<\/p>\n","protected":false},"author":2,"featured_media":12680,"comment_status":"open","ping_status":"open","sticky":false,"template":"","format":"standard","meta":[],"categories":[79],"tags":[],"_links":{"self":[{"href":"https:\/\/pasaenmendoza.com\/index.php?rest_route=\/wp\/v2\/posts\/12679"}],"collection":[{"href":"https:\/\/pasaenmendoza.com\/index.php?rest_route=\/wp\/v2\/posts"}],"about":[{"href":"https:\/\/pasaenmendoza.com\/index.php?rest_route=\/wp\/v2\/types\/post"}],"author":[{"embeddable":true,"href":"https:\/\/pasaenmendoza.com\/index.php?rest_route=\/wp\/v2\/users\/2"}],"replies":[{"embeddable":true,"href":"https:\/\/pasaenmendoza.com\/index.php?rest_route=%2Fwp%2Fv2%2Fcomments&post=12679"}],"version-history":[{"count":1,"href":"https:\/\/pasaenmendoza.com\/index.php?rest_route=\/wp\/v2\/posts\/12679\/revisions"}],"predecessor-version":[{"id":12681,"href":"https:\/\/pasaenmendoza.com\/index.php?rest_route=\/wp\/v2\/posts\/12679\/revisions\/12681"}],"wp:featuredmedia":[{"embeddable":true,"href":"https:\/\/pasaenmendoza.com\/index.php?rest_route=\/wp\/v2\/media\/12680"}],"wp:attachment":[{"href":"https:\/\/pasaenmendoza.com\/index.php?rest_route=%2Fwp%2Fv2%2Fmedia&parent=12679"}],"wp:term":[{"taxonomy":"category","embeddable":true,"href":"https:\/\/pasaenmendoza.com\/index.php?rest_route=%2Fwp%2Fv2%2Fcategories&post=12679"},{"taxonomy":"post_tag","embeddable":true,"href":"https:\/\/pasaenmendoza.com\/index.php?rest_route=%2Fwp%2Fv2%2Ftags&post=12679"}],"curies":[{"name":"wp","href":"https:\/\/api.w.org\/{rel}","templated":true}]}}