{"id":12693,"date":"2025-04-28T23:35:27","date_gmt":"2025-04-28T21:35:27","guid":{"rendered":"https:\/\/pasaenmendoza.com\/?p=12693"},"modified":"2025-04-28T23:35:28","modified_gmt":"2025-04-28T21:35:28","slug":"godoy-cruz-gana-1-a-0-con-atletico-tucuman-con-gol-de-auzmendi-finalizado-el-primer-tiempo","status":"publish","type":"post","link":"https:\/\/pasaenmendoza.com\/?p=12693","title":{"rendered":"Godoy Cruz gana 1 a 0 con Atl\u00e9tico Tucum\u00e1n con gol de Auzmendi finalizado el primer tiempo"},"content":{"rendered":"\n<p><strong>Godoy Cruz&nbsp;<\/strong>juega ante Atl\u00e9tico Tucum\u00e1n por la 15\u00aa fecha y pen\u00faltima de la Zona B del Torneo Apertura de la Liga Profesional -el \u00faltimo partido de local del Expreso en la fase regular- con el objetivo de ganar para clasificar a los playoffs.<\/p>\n\n\n\n<p>El cotejo que afronta el Tomba frente al Decano se disputar\u00e1 en el Malvinas Argentinas, contar\u00e1 con el arbitraje de Bruno Amiconi y la televisaci\u00f3n de TNT Sports.<\/p>\n\n\n\n<p>Agust\u00edn Auzmendi abri\u00f3 la cuenta a los 35 minutos del primer tiempo. Aprovech\u00f3 un rebote generado en un c\u00f3rner, y la punte\u00f3 de derecha ante el arquero descolocado y sin chances.<\/p>\n\n\n\n<p><strong>Godoy Cruz&nbsp;<\/strong>le gana 1 a 0 a Atl\u00e9tico Tucum\u00e1n por la 15\u00aa fecha y pen\u00faltima de la Zona B del&nbsp;<strong>Torneo Apertura de la Liga Profesional<\/strong>&nbsp;-el \u00faltimo partido de local del&nbsp;<em>Expreso&nbsp;<\/em>en la fase regular.<\/p>\n\n\n\n<p>Agust\u00edn Auzmendi a los 36&#8242; marc\u00f3 el gol para el&nbsp;<em>Tomba<\/em>. A siete del final apareci\u00f3 el&nbsp;<em>Pistolero&nbsp;<\/em>y anot\u00f3 el gol y le da la victoria parcial al Expreso<\/p>\n\n\n\n<p>El&nbsp;<em>Tomba&nbsp;<\/em>que tiene la obligaci\u00f3n de ganar para meterse al octogonal lo logra y se ubica octavo con 17 puntos a una fecha del final.<\/p>\n\n\n\n<p>El equipo de Esteban Solari tuvo algunas ocasiones para abrir el marcador y lo gana por el acierto de Auzmendi que ven\u00eda de convertirle a Gremio por la Sudamericana.<\/p>\n\n\n\n<p>A los 24, nuevamente Auzmendi llev\u00f3 peligro al arco del&nbsp;<em>Decano<\/em>. C\u00f3rner desde la izquierda, el delantero de&nbsp;<strong>Godoy Cruz<\/strong>&nbsp;la pein\u00f3 en el primer palo, y al arquero pudo tapar con lo justo y sacarla afuera.<\/p>\n\n\n\n<h2 class=\"wp-block-heading\">El emotivo homenaje al papa Francisco en la previa entre Godoy Cruz y Atl\u00e9tico Tucum\u00e1n<\/h2>\n\n\n\n<p>En la previa del encuentro entre Godoy Cruz y Atl\u00e9tico Tucum\u00e1n en el Malvinas Argentinas hubo un homenaje al&nbsp;<strong>Papa Francisco<\/strong>.<\/p>\n\n\n\n<p>En el tablero electr\u00f3nico se proyect\u00f3 un video de poco m\u00e1s de un minuto en el que se mostraron im\u00e1genes de la vida de Jorge Bergoglio.<\/p>\n\n\n\n<p>La emoci\u00f3n se apoder\u00f3 de los simpatizantes que aplaudieron con mucha respeto.<\/p>\n\n\n\n<p>Adem\u00e1s hubo un minuto de silencio con los capitanes de Godoy Cruz Gonzalo Abrego y Mateo Coronel posaron con una pancarta con la imagen del Papa.<\/p>\n\n\n\n<p><strong>Fuente: www.diariouno.com.ar<\/strong><\/p>\n","protected":false},"excerpt":{"rendered":"<p>Godoy Cruz&nbsp;juega ante Atl\u00e9tico Tucum\u00e1n por la 15\u00aa fecha y pen\u00faltima de la Zona B del Torneo Apertura de la Liga Profesional -el \u00faltimo partido de local del Expreso en la fase regular- con el objetivo de ganar para clasificar a los playoffs. El cotejo que afronta el Tomba frente al Decano se disputar\u00e1 en [&hellip;]<\/p>\n","protected":false},"author":2,"featured_media":12694,"comment_status":"open","ping_status":"open","sticky":false,"template":"","format":"standard","meta":[],"categories":[81],"tags":[],"_links":{"self":[{"href":"https:\/\/pasaenmendoza.com\/index.php?rest_route=\/wp\/v2\/posts\/12693"}],"collection":[{"href":"https:\/\/pasaenmendoza.com\/index.php?rest_route=\/wp\/v2\/posts"}],"about":[{"href":"https:\/\/pasaenmendoza.com\/index.php?rest_route=\/wp\/v2\/types\/post"}],"author":[{"embeddable":true,"href":"https:\/\/pasaenmendoza.com\/index.php?rest_route=\/wp\/v2\/users\/2"}],"replies":[{"embeddable":true,"href":"https:\/\/pasaenmendoza.com\/index.php?rest_route=%2Fwp%2Fv2%2Fcomments&post=12693"}],"version-history":[{"count":1,"href":"https:\/\/pasaenmendoza.com\/index.php?rest_route=\/wp\/v2\/posts\/12693\/revisions"}],"predecessor-version":[{"id":12695,"href":"https:\/\/pasaenmendoza.com\/index.php?rest_route=\/wp\/v2\/posts\/12693\/revisions\/12695"}],"wp:featuredmedia":[{"embeddable":true,"href":"https:\/\/pasaenmendoza.com\/index.php?rest_route=\/wp\/v2\/media\/12694"}],"wp:attachment":[{"href":"https:\/\/pasaenmendoza.com\/index.php?rest_route=%2Fwp%2Fv2%2Fmedia&parent=12693"}],"wp:term":[{"taxonomy":"category","embeddable":true,"href":"https:\/\/pasaenmendoza.com\/index.php?rest_route=%2Fwp%2Fv2%2Fcategories&post=12693"},{"taxonomy":"post_tag","embeddable":true,"href":"https:\/\/pasaenmendoza.com\/index.php?rest_route=%2Fwp%2Fv2%2Ftags&post=12693"}],"curies":[{"name":"wp","href":"https:\/\/api.w.org\/{rel}","templated":true}]}}