{"id":12699,"date":"2025-04-28T23:53:39","date_gmt":"2025-04-28T21:53:39","guid":{"rendered":"https:\/\/pasaenmendoza.com\/?p=12699"},"modified":"2025-04-28T23:53:40","modified_gmt":"2025-04-28T21:53:40","slug":"municipios-del-gran-mendoza-se-suman-al-plan-provincial-para-frenar-el-comercio-ilegal-de-bienes","status":"publish","type":"post","link":"https:\/\/pasaenmendoza.com\/?p=12699","title":{"rendered":"Municipios del Gran Mendoza se suman al plan provincial para frenar el comercio ilegal de bienes"},"content":{"rendered":"\n<p>En el marco de las pol\u00edticas destinadas a atacar directamente los mercados ilegales, la ministra de\u00a0Seguridad y Justicia, Mercedes Rus, se reuni\u00f3 con representantes de las \u00e1reas de Seguridad Ciudadana y de Inspecci\u00f3n y Fiscalizaci\u00f3n de Comercio de los municipios del\u00a0<strong>Gran Mendoza<\/strong>. El objetivo del encuentro fue\u00a0<strong>fortalecer la coordinaci\u00f3n entre el Gobierno provincial y los departamentos en la implementaci\u00f3n de las leyes 9.447 (Cobre) y 9.556 (Mercados Ilegales), decretos N\u00b0250\/24 y N\u00b0492\/25.<\/strong><\/p>\n\n\n\n<p>\u201cSe trata de un c\u00edrculo virtuoso de colaboraci\u00f3n y coordinaci\u00f3n, destacando la experiencia de la ley Cobre, en donde el consorcio con el sector privado fue muy importante para el abordaje de la problem\u00e1tica\u201d, subray\u00f3 Mercedes Rus.<\/p>\n\n\n\n<p>Estuvieron presentes el subsecretario de Tecnolog\u00eda Aplicada a la Seguridad, Leandro Biskupovich; los directores generales de Investigaciones, Jos\u00e9 Vega, y de Polic\u00edas, Marcelo Calipo; el subdirector general de Polic\u00edas, Roberto Favaro; y el jefe de la Divisi\u00f3n Investigativa Integrada y Leyes Especiales (DIILE), Osvaldo Araujo.<\/p>\n\n\n\n<p>En representaci\u00f3n de los\u00a0<strong>municipios<\/strong>\u00a0del Gran Mendoza participaron por Ciudad, el secretario de Seguridad Ciudadana Horacio Migliozzi y el coordinador del \u00c1rea de Comercio Pablo Levin; por Godoy Cruz, el secretario de Gobierno y Participaci\u00f3n Ciudadana Alejandro Zlotolow, el director general de Gesti\u00f3n de Tr\u00e1nsito y Convivencia Ciudadana Roberto Munives y el director de Inspecci\u00f3n General y Fiscalizaci\u00f3n Jos\u00e9 Insegna. \u00a0<\/p>\n\n\n\n<p>En tanto que por Guaymall\u00e9n se sumaron el director de Servicios Comunitarios Alejandro Novoa, el subdirector de Servicios Comunitarios Gonzalo Ag\u00fcero, el secretario de Gobierno Ignacio Conte y el subdirector de Comercio e Industria, Leandro Mercerou; mientras que, por Las Heras, estuvo el director de Comercio e Industria Julio Calvo.<\/p>\n\n\n\n<p>Finalmente, en representaci\u00f3n de Luj\u00e1n de Cuyo particip\u00f3 el director de Tecnolog\u00eda Mauricio Rubio, el director de Tr\u00e1nsito Miguel Sara, el director de Protecci\u00f3n Patrimonial y Monitoreo Urbano, Marcelo Farina y el coordinador de Relaciones con la Comunidad Dar\u00edo Tello; por Maip\u00fa, el director de Prevenci\u00f3n Ciudadana y Defensa Civil Sergio de los Santos y la directora de Fiscalizaci\u00f3n y Control Ana Sevilla.<\/p>\n\n\n\n<p>La funcionaria tambi\u00e9n destac\u00f3 que se trat\u00f3 de \u201cuna reuni\u00f3n clave para el desarrollo del plan que se ir\u00e1 replicando en el resto de los departamentos de la provincia\u201d. Adem\u00e1s, Rus resalt\u00f3 la importancia de la participaci\u00f3n de personal de Investigaciones y del \u00e1rea de Tecnolog\u00eda, expresando su confianza en que durante 2025 se podr\u00e1 avanzar con la ley de Mercados Ilegales de la misma manera que se trabaj\u00f3 el a\u00f1o pasado con la ley Cobre, el cual permiti\u00f3 la reducci\u00f3n del 89% de este tipo de delitos.<\/p>\n\n\n\n<p>Para finalizar, como parte de las acciones de coordinaci\u00f3n, la ministra Mercedes Rus detall\u00f3 que la pr\u00f3xima etapa ser\u00e1 el inicio de capacitaci\u00f3n dirigida al personal municipal y a comerciantes, con el fin de instruirlos sobre los alcances de la normativa y los resguardos necesarios para evitar la compra de bienes de procedencia dudosa. \u201cComenzar\u00e1 en el Gran Mendoza y se extender\u00e1 progresivamente al resto de los municipios de la provincia\u201d, sentenci\u00f3.<\/p>\n\n\n\n<p><strong>Fuente: www.diariomendoza.com.ar<\/strong><\/p>\n","protected":false},"excerpt":{"rendered":"<p>En el marco de las pol\u00edticas destinadas a atacar directamente los mercados ilegales, la ministra de\u00a0Seguridad y Justicia, Mercedes Rus, se reuni\u00f3 con representantes de las \u00e1reas de Seguridad Ciudadana y de Inspecci\u00f3n y Fiscalizaci\u00f3n de Comercio de los municipios del\u00a0Gran Mendoza. El objetivo del encuentro fue\u00a0fortalecer la coordinaci\u00f3n entre el Gobierno provincial y los [&hellip;]<\/p>\n","protected":false},"author":2,"featured_media":12700,"comment_status":"open","ping_status":"open","sticky":false,"template":"","format":"standard","meta":[],"categories":[47],"tags":[],"_links":{"self":[{"href":"https:\/\/pasaenmendoza.com\/index.php?rest_route=\/wp\/v2\/posts\/12699"}],"collection":[{"href":"https:\/\/pasaenmendoza.com\/index.php?rest_route=\/wp\/v2\/posts"}],"about":[{"href":"https:\/\/pasaenmendoza.com\/index.php?rest_route=\/wp\/v2\/types\/post"}],"author":[{"embeddable":true,"href":"https:\/\/pasaenmendoza.com\/index.php?rest_route=\/wp\/v2\/users\/2"}],"replies":[{"embeddable":true,"href":"https:\/\/pasaenmendoza.com\/index.php?rest_route=%2Fwp%2Fv2%2Fcomments&post=12699"}],"version-history":[{"count":1,"href":"https:\/\/pasaenmendoza.com\/index.php?rest_route=\/wp\/v2\/posts\/12699\/revisions"}],"predecessor-version":[{"id":12701,"href":"https:\/\/pasaenmendoza.com\/index.php?rest_route=\/wp\/v2\/posts\/12699\/revisions\/12701"}],"wp:featuredmedia":[{"embeddable":true,"href":"https:\/\/pasaenmendoza.com\/index.php?rest_route=\/wp\/v2\/media\/12700"}],"wp:attachment":[{"href":"https:\/\/pasaenmendoza.com\/index.php?rest_route=%2Fwp%2Fv2%2Fmedia&parent=12699"}],"wp:term":[{"taxonomy":"category","embeddable":true,"href":"https:\/\/pasaenmendoza.com\/index.php?rest_route=%2Fwp%2Fv2%2Fcategories&post=12699"},{"taxonomy":"post_tag","embeddable":true,"href":"https:\/\/pasaenmendoza.com\/index.php?rest_route=%2Fwp%2Fv2%2Ftags&post=12699"}],"curies":[{"name":"wp","href":"https:\/\/api.w.org\/{rel}","templated":true}]}}