{"id":12717,"date":"2025-04-30T01:19:08","date_gmt":"2025-04-29T23:19:08","guid":{"rendered":"https:\/\/pasaenmendoza.com\/?p=12717"},"modified":"2025-04-30T01:19:09","modified_gmt":"2025-04-29T23:19:09","slug":"la-calle-sarmiento-se-convertira-en-peatonal-el-fin-de-semana-largo-con-una-maraton-gastronomica","status":"publish","type":"post","link":"https:\/\/pasaenmendoza.com\/?p=12717","title":{"rendered":"La calle Sarmiento se convertir\u00e1 en peatonal el fin de semana largo con una marat\u00f3n gastron\u00f3mica"},"content":{"rendered":"\n<p>Este nuevo\u00a0<strong>fin de semana extralargo<\/strong>\u00a0llega, a la\u00a0<strong>Ciudad de Mendoza<\/strong>, cargado de actividades, propuestas e iniciativas de todo tipo para disfrutar. Una de ellas es la\u00a0Marat\u00f3n Internacional de Mendoza\u00a0(MIM) que se correr\u00e1 el domingo 4 de mayo. Con todo lo que ya se conoce que moviliza este tipo de evento, se sum\u00f3 la &#8220;Gastro Marat\u00f3n Sarmiento&#8221;.<\/p>\n\n\n\n<p>La iniciativa surgi\u00f3 de 12&nbsp;<strong>comerciantes gastron\u00f3micos&nbsp;<\/strong>y la Municipalidad de Capital brind\u00f3 su apoyo.<\/p>\n\n\n\n<p>El encuentro invita a disfrutar de los\u00a0<strong>mejores platos\u00a0<\/strong>de\u00a0la Capital gastron\u00f3mica de Mendoza y a precios s\u00faper accesibles, que van de\u00a0<strong>$5.000 a $10.000<\/strong>.<\/p>\n\n\n\n<h2 class=\"wp-block-heading\">Un espacio para mendocinos y turistas<\/h2>\n\n\n\n<p>La calle&nbsp;<strong>Sarmiento de Ciudad<\/strong>, entre Belgrano y 25 de Mayo (dos cuadras) se convertir\u00e1 por algunas horas en peatonal con el objetivo de que tanto los maratonistas que terminen la MIM como vecinos y quien guste, puedan acercarse de 12 a 17 a probar diversas comidas.<\/p>\n\n\n\n<p>\u201cEste domingo 4 de mayo nuestra querid\u00edsima calle se va a transformar en un&nbsp;<strong>epicentro de una experiencia gastron\u00f3mica \u00fanica&nbsp;<\/strong>y para eso, en especial, queremos invitar a nuestro p\u00fablico mendocino. Ya que acompa\u00f1ando el cierre de la Marat\u00f3n Internacional de Mendoza estamos lanzando un evento muy especial para celebrar la diversidad y el crecimiento de nuestra calle. En los \u00faltimos a\u00f1os hemos tenido un desarrollo gastron\u00f3mico protagonista y queremos compartirlo con todos\u201d, invit\u00f3 Mat\u00edas Bismach, propietario de dos restaurantes de la zona, que fue uno de los impulsores que le acerc\u00f3 la propuesta al&nbsp;<strong>intendente Ulpiano Suarez<\/strong>.<\/p>\n\n\n\n<p>Bismach agreg\u00f3 que en la &#8220;<strong>Gastro Marat\u00f3n Sarmiento<\/strong>\u201d, que ser\u00e1 de 12 a 17, se van a poder recorrer dos cuadras llenas de&nbsp;<strong>gastronom\u00eda, vino, m\u00fasica y diversi\u00f3n<\/strong>&nbsp;&#8220;con&nbsp;<strong>12 locales<\/strong>&nbsp;que se suman de nuestra calle, entre restaurantes y viner\u00edas, y todo a un&nbsp;<strong>precio s\u00faper accesible<\/strong>. Desde snacks hasta platos gourmet, pasando por una propuesta cultural que va a ofrecer DJs y artistas; la idea consiste en que disfrutemos la diversidad gastron\u00f3mica con opciones entre&nbsp;<strong>$5.000 y $10.000<\/strong>\u201d, puntualiz\u00f3 el comerciante.<\/p>\n\n\n\n<p>Tambi\u00e9n, el gastron\u00f3mico coment\u00f3 que este evento es una invitaci\u00f3n a que tanto lugare\u00f1os como visitantes puedan &#8220;disfrutar Mendoza desde un lugar relajado, que sea divertido y que est\u00e9 lleno de sorpresas. As\u00ed es que est\u00e1n todos invitados a caminar la calle Sarmiento, a probar lo mejor de nuestra&nbsp;<strong>gastronom\u00eda local<\/strong>&nbsp;y, por qu\u00e9 no, a compartir un rato incre\u00edble entre amigos y familia\u201d, concluy\u00f3.<\/p>\n\n\n\n<p>As\u00ed, con el apoyo de este evento post MIM la&nbsp;<strong>Ciudad de Mendoza<\/strong>&nbsp;se suma una vez m\u00e1s a realizar una propuesta que a\u00fana esfuerzos del&nbsp;<strong>sector p\u00fablico y privado<\/strong>, pone en valor los espacios de la Ciudad, la infraestructura existente y la Capital gastron\u00f3mica de la provincia.<\/p>\n\n\n\n<h3 class=\"wp-block-heading\"><strong>Los 12 locales que participar\u00e1n:<\/strong><\/h3>\n\n\n\n<ul>\n<li>&nbsp;Pizzaiolo<\/li>\n\n\n\n<li>Liniers<\/li>\n\n\n\n<li>Ampora<\/li>\n\n\n\n<li>Wine house<\/li>\n\n\n\n<li>Sol y vino<\/li>\n\n\n\n<li>Flor del desierto<\/li>\n\n\n\n<li>Bigalia<\/li>\n\n\n\n<li>Paisana<\/li>\n\n\n\n<li>Aut\u00e9ntico<\/li>\n\n\n\n<li>El Asadito<\/li>\n\n\n\n<li>Fans del vino<\/li>\n\n\n\n<li>La Pizza<\/li>\n\n\n\n<li>Per\u00edn<\/li>\n<\/ul>\n\n\n\n<p><strong>Fuente: www.diariouno.com.ar<\/strong><\/p>\n","protected":false},"excerpt":{"rendered":"<p>Este nuevo\u00a0fin de semana extralargo\u00a0llega, a la\u00a0Ciudad de Mendoza, cargado de actividades, propuestas e iniciativas de todo tipo para disfrutar. Una de ellas es la\u00a0Marat\u00f3n Internacional de Mendoza\u00a0(MIM) que se correr\u00e1 el domingo 4 de mayo. Con todo lo que ya se conoce que moviliza este tipo de evento, se sum\u00f3 la &#8220;Gastro Marat\u00f3n Sarmiento&#8221;. [&hellip;]<\/p>\n","protected":false},"author":2,"featured_media":12718,"comment_status":"open","ping_status":"open","sticky":false,"template":"","format":"standard","meta":[],"categories":[50],"tags":[],"_links":{"self":[{"href":"https:\/\/pasaenmendoza.com\/index.php?rest_route=\/wp\/v2\/posts\/12717"}],"collection":[{"href":"https:\/\/pasaenmendoza.com\/index.php?rest_route=\/wp\/v2\/posts"}],"about":[{"href":"https:\/\/pasaenmendoza.com\/index.php?rest_route=\/wp\/v2\/types\/post"}],"author":[{"embeddable":true,"href":"https:\/\/pasaenmendoza.com\/index.php?rest_route=\/wp\/v2\/users\/2"}],"replies":[{"embeddable":true,"href":"https:\/\/pasaenmendoza.com\/index.php?rest_route=%2Fwp%2Fv2%2Fcomments&post=12717"}],"version-history":[{"count":1,"href":"https:\/\/pasaenmendoza.com\/index.php?rest_route=\/wp\/v2\/posts\/12717\/revisions"}],"predecessor-version":[{"id":12719,"href":"https:\/\/pasaenmendoza.com\/index.php?rest_route=\/wp\/v2\/posts\/12717\/revisions\/12719"}],"wp:featuredmedia":[{"embeddable":true,"href":"https:\/\/pasaenmendoza.com\/index.php?rest_route=\/wp\/v2\/media\/12718"}],"wp:attachment":[{"href":"https:\/\/pasaenmendoza.com\/index.php?rest_route=%2Fwp%2Fv2%2Fmedia&parent=12717"}],"wp:term":[{"taxonomy":"category","embeddable":true,"href":"https:\/\/pasaenmendoza.com\/index.php?rest_route=%2Fwp%2Fv2%2Fcategories&post=12717"},{"taxonomy":"post_tag","embeddable":true,"href":"https:\/\/pasaenmendoza.com\/index.php?rest_route=%2Fwp%2Fv2%2Ftags&post=12717"}],"curies":[{"name":"wp","href":"https:\/\/api.w.org\/{rel}","templated":true}]}}