{"id":12720,"date":"2025-04-30T01:22:31","date_gmt":"2025-04-29T23:22:31","guid":{"rendered":"https:\/\/pasaenmendoza.com\/?p=12720"},"modified":"2025-04-30T01:22:32","modified_gmt":"2025-04-29T23:22:32","slug":"ate-reclamo-el-pase-a-planta-de-mas-de-1-200-trabajadores-estatales-que-estan-contratados","status":"publish","type":"post","link":"https:\/\/pasaenmendoza.com\/?p=12720","title":{"rendered":"ATE reclam\u00f3 el pase a planta de m\u00e1s de 1.200 trabajadores estatales que est\u00e1n contratados"},"content":{"rendered":"\n<p>La<strong>\u00a0Asociaci\u00f3n Trabajadores del Estado (ATE)<\/strong>\u00a0reclam\u00f3 este martes la incorporaci\u00f3n a planta permanente de m\u00e1s de 1.200 empleados que est\u00e1n en situaci\u00f3n de contratados, en algunos casos desde hace 9 a\u00f1os, seg\u00fan el gremio. Lo hizo mediante una presentaci\u00f3n en la Subsecretar\u00eda de Trabajo.<\/p>\n\n\n\n<p>El secretario general del sindicato de los empleados estatales<strong>, Roberto Macho,<\/strong>&nbsp;fue quien en persona lleg\u00f3 hasta la sede del organismo ubicado en calle San Mart\u00edn de Ciudad.<\/p>\n\n\n\n<p>El titular de\u00a0<strong>ATE\u00a0<\/strong>lleg\u00f3 hasta la subsecretar\u00eda con una extensa n\u00f3mina de trabajadores que cumplen funciones en diferentes sectores p\u00fablicos de la provincia.<\/p>\n\n\n\n<h2 class=\"wp-block-heading\">El reclamo de ATE por m\u00e1s de 1.200 empleados estatales<\/h2>\n\n\n\n<p><strong>Roberto Macho\u00a0<\/strong>explic\u00f3 que &#8220;nuestra asociaci\u00f3n sindical hizo efectiva la presentaci\u00f3n de una n\u00f3mina que elaboramos con afiliados contratados y prestadores de diferentes sectores laborales, que buscan pasar a planta del Estado&#8221;.<\/p>\n\n\n\n<p>Para el sindicalista se trata de &#8220;una reivindicaci\u00f3n concreta, que sostenemos desde hace a\u00f1os, para que miles de compa\u00f1eras y compa\u00f1eros precarizados puedan ejercer su derecho a mejorar sus condiciones salariales y laborales&#8221;.<\/p>\n\n\n\n<p>En concreto,&nbsp;<strong>ATE&nbsp;<\/strong>Mendoza concurri\u00f3 durante la jornada de este martes a la Subsecretar\u00eda de Trabajo y Empleo, para realizar la presentaci\u00f3n de un listado de trabajadores contratados. &#8220;La confeccionamos gracias a un trabajo gremial exhaustivo, que llevamos adelante en cada repartici\u00f3n estatal que representamos&#8221;, indicaron desde el gremio.<\/p>\n\n\n\n<p>\u201cQueremos comunicarles que hicimos la presentaci\u00f3n oficial, que ya fue recibida por el subsecretario de Trabajo, Rodrigo Herrera, del listado de m\u00e1s de 1.200 trabajadores de los sectores de Salud, Desarrollo Social, Administraci\u00f3n Central, entes aut\u00e1rquicos y descentralizados, que son contratados, prestadores o por convenio. Es decir, compa\u00f1eros que ya vienen cumpliendo funciones dentro del Estado, que son totalmente esenciales\u201d, cont\u00f3&nbsp;<strong>Roberto Macho.<\/strong><\/p>\n\n\n\n<p>Tambi\u00e9n dijo: &#8220;Para seguir con el planteo de un cronograma de pases a planta interinos, hasta que salgan los llamados a concursos, resulta indispensable que los trabajadores se sumen a nuestras filas sindicales, para que podamos reclamar al Gobierno lo que les corresponde&#8221;.<\/p>\n\n\n\n<p><strong>Hay compa\u00f1eros que llevan entre 4 \u00f3 5 a\u00f1os trabajando en negro en el Estado, como tambi\u00e9n entre 8 \u00f3 9 a\u00f1os, quienes est\u00e1n por convenios. El Gobierno tiene que ser el primer garante de derechos. Por eso, debe blanquear a los trabajadores precarizados<\/strong><\/p>\n\n\n\n<p>En un comunicado&nbsp;<strong>ATE&nbsp;<\/strong>a\u00f1adi\u00f3 que &#8220;qued\u00f3 presentado de manera oficial el listado de pases a planta, confeccionado en tiempo y forma con afiliados cotizantes de nuestra asociaci\u00f3n sindical, la cual mantiene en toda la provincia de Mendoza la representaci\u00f3n de los trabajadores estatales, contemplada por la legislaci\u00f3n provincial, nacional y nuestro estatuto societario&#8221;.<\/p>\n\n\n\n<p>Ahora\u00a0<strong>ATE\u00a0<\/strong>espera la respuesta del<strong>\u00a0Poder Ejecutivo\u00a0<\/strong>a este reclamo para incorporar trabajadores contratados a la planta permanente del Estado.<\/p>\n\n\n\n<p><strong>Fuente: www.diariouno.com.ar<\/strong><\/p>\n","protected":false},"excerpt":{"rendered":"<p>La\u00a0Asociaci\u00f3n Trabajadores del Estado (ATE)\u00a0reclam\u00f3 este martes la incorporaci\u00f3n a planta permanente de m\u00e1s de 1.200 empleados que est\u00e1n en situaci\u00f3n de contratados, en algunos casos desde hace 9 a\u00f1os, seg\u00fan el gremio. Lo hizo mediante una presentaci\u00f3n en la Subsecretar\u00eda de Trabajo. El secretario general del sindicato de los empleados estatales, Roberto Macho,&nbsp;fue quien [&hellip;]<\/p>\n","protected":false},"author":2,"featured_media":12721,"comment_status":"open","ping_status":"open","sticky":false,"template":"","format":"standard","meta":[],"categories":[114],"tags":[],"_links":{"self":[{"href":"https:\/\/pasaenmendoza.com\/index.php?rest_route=\/wp\/v2\/posts\/12720"}],"collection":[{"href":"https:\/\/pasaenmendoza.com\/index.php?rest_route=\/wp\/v2\/posts"}],"about":[{"href":"https:\/\/pasaenmendoza.com\/index.php?rest_route=\/wp\/v2\/types\/post"}],"author":[{"embeddable":true,"href":"https:\/\/pasaenmendoza.com\/index.php?rest_route=\/wp\/v2\/users\/2"}],"replies":[{"embeddable":true,"href":"https:\/\/pasaenmendoza.com\/index.php?rest_route=%2Fwp%2Fv2%2Fcomments&post=12720"}],"version-history":[{"count":1,"href":"https:\/\/pasaenmendoza.com\/index.php?rest_route=\/wp\/v2\/posts\/12720\/revisions"}],"predecessor-version":[{"id":12722,"href":"https:\/\/pasaenmendoza.com\/index.php?rest_route=\/wp\/v2\/posts\/12720\/revisions\/12722"}],"wp:featuredmedia":[{"embeddable":true,"href":"https:\/\/pasaenmendoza.com\/index.php?rest_route=\/wp\/v2\/media\/12721"}],"wp:attachment":[{"href":"https:\/\/pasaenmendoza.com\/index.php?rest_route=%2Fwp%2Fv2%2Fmedia&parent=12720"}],"wp:term":[{"taxonomy":"category","embeddable":true,"href":"https:\/\/pasaenmendoza.com\/index.php?rest_route=%2Fwp%2Fv2%2Fcategories&post=12720"},{"taxonomy":"post_tag","embeddable":true,"href":"https:\/\/pasaenmendoza.com\/index.php?rest_route=%2Fwp%2Fv2%2Ftags&post=12720"}],"curies":[{"name":"wp","href":"https:\/\/api.w.org\/{rel}","templated":true}]}}